{"id":1621,"date":"2018-02-02T09:35:03","date_gmt":"2018-02-02T07:35:03","guid":{"rendered":"http:\/\/kybartai.lt\/?p=1621"},"modified":"2018-02-02T09:35:03","modified_gmt":"2018-02-02T07:35:03","slug":"marijampoles-regiono-jaunuju-verslininku-klubo-prezidente-isrinkta-kybartiete","status":"publish","type":"post","link":"https:\/\/kybartai.lt\/lt_lt\/marijampoles-regiono-jaunuju-verslininku-klubo-prezidente-isrinkta-kybartiete\/","title":{"rendered":"Marijampol\u0117s regiono jaun\u0173j\u0173 verslinink\u0173 klubo prezidente i\u0161rinkta kybartiet\u0117"},"content":{"rendered":"<p><strong>Per visuotin\u012f Marijampol\u0117s regiono jaun\u0173j\u0173 verslinink\u0173 klubo susirinkim\u0105 i\u0161rinkta naujoji asociacijos prezident\u0117. Ja daugumos bals\u0173 persvara tapo kybartiet\u0117 Edita Naidait\u0117.<\/strong><\/p>\n<p><strong>Ilgai dvejojo<\/strong> <\/p>\n<p>Nuo 2005 m. gyvuojantis jaun\u0173j\u0173 verslinink\u0173 klubas vienija b\u016br\u012f iniciatyvi\u0173 Marijampol\u0117s regiono \u017emoni\u0173. Tiesa, iki \u0161iol jam nepriklaus\u0117 n\u0117 vienas asmuo i\u0161 Vilkavi\u0161kio rajono. Kiek ma\u017eiau nei prie\u0161 metus klubo nare tapusi E. Naidait\u0117 tapo pirm\u0105ja m\u016bs\u0173 rajono atstove per trylika \u0161ios asociacijos gyvavimo met\u0173. Moteris labai greitai u\u017esitarnavo kit\u0173 klubo nari\u0173 pasitik\u0117jim\u0105 ir neseniai \u012fvykusiame visuotiniame susirinkime jai bei marijampolietei verslininkei Ingai Raulu\u0161evi\u010dienei buvo pasi\u016blyta kovoti d\u0117l klubo prezidento posto. Po slapto balsavimo paai\u0161k\u0117jo, jog daugumos bals\u0173 persvara \u0161i\u0173 met\u0173 kadencijai nauj\u0105ja prezidente i\u0161rinkta b\u016btent kybartiet\u0117. Ji pakeit\u0117 pra\u0117jusiais metais klubui vadovavus\u012f marijampoliet\u012f teisinink\u0105 Andri\u0173 Pape\u010dk\u012f. <\/p>\n<p>\u201eKlubo nariai kelet\u0105 kart\u0173 netiesiogiai man\u0119s klaus\u0117, ar nenor\u0117\u010diau tapti prezidente. Ilgai \u0161iai id\u0117jai prie\u0161inausi. Man atrod\u0117, kad paroje n\u0117ra tiek valand\u0173, jog gal\u0117\u010diau pakankamai laiko skirti dar ir \u0161iai veiklai. Esu samdoma darbuotoja, kasdien i\u0161 Kybart\u0173 va\u017ein\u0117ju \u012f darb\u0105 Kalvarijoje, po darbo nepamir\u0161tu dar vienos savo aistros \u2013 \u0161oki\u0173, auginu tris vaikus, dalyvauju Vilkavi\u0161kyje \u012fsik\u016brusios asociacijos \u201eKeisk po\u017ei\u016br\u012f\u201c veikloje, stengiuosi u\u017esiimti saviugda ir turiu aibes kit\u0173 veikl\u0173. Kart\u0105 vienas kolega pasak\u0117, kad tie, kas daro, tie ir padaro, o kas nieko neveikia, tiems visada laiko pritr\u016bksta. \u0160i fraz\u0117 pakeit\u0117 mano po\u017ei\u016br\u012f, tad nusprend\u017eiau nesiprie\u0161inti ir sutikau kandidatuoti \u012f prezidento pareigas\u201c, \u2013 prisimin\u0117 E. Naidait\u0117. <\/p>\n<p>Tiesa, net ir sutikusi kandidatuoti \u012f jaun\u0173j\u0173 verslinink\u0173 klubo prezidento post\u0105, moteris nesitik\u0117jo, jog b\u016btent ji bus i\u0161rinkta. Nors su kitais klubo nariais kybartiet\u0117 buvo pa\u017e\u012fstama jau kelet\u0105 met\u0173, kartu \u012fgyvendino \u012fvairius projektus, ta\u010diau pati klubo nare nei\u0161buvo n\u0117 met\u0173. Jai atrod\u0117, kad tiek laiko \u2013 papras\u010diausiai per ma\u017eai ir yra daug vertesni\u0173 u\u017e j\u0105 kandidat\u0173. <\/p>\n<p><strong>Neb\u016btinai verslininkai<\/strong> <\/p>\n<p>\u0160iuo metu Marijampol\u0117s regiono jaun\u0173j\u0173 verslinink\u0173 klubui priklauso 25 nariai. Kasmet \u0161is skai\u010dius \u0161iek tiek kinta. Be E. Naidait\u0117s, jame nuo \u0161iol yra ir dar viena m\u016bs\u0173 rajono atstov\u0117 Rasa Valaityt\u0117. Ji \u2013 buvusi E. Naidait\u0117s mokin\u0117, \u0161iuo metu Kauno technologijos universitete studijuojanti Europos studij\u0173 bei \u017dmogi\u0161k\u0173j\u0173 i\u0161tekli\u0173 vadyb\u0105. Rasa jaun\u0173j\u0173 verslinink\u0173 klubo nare tapo t\u0105 pa\u010di\u0105 dien\u0105, kai jo prezidente buvo i\u0161rinkta E. Naidait\u0117. <\/p>\n<p>\u201eNuolat ie\u0161kome jaun\u0173, iniciatyvi\u0173 ir aktyvi\u0173 \u017emoni\u0173. Vyresni m\u016bs\u0173 nariai da\u017eniausiai v\u0117liau prisijungia prie \u201eRotary\u201c klubo, ta\u010diau i\u0161lieka asociacijos garb\u0117s nariais. Tapti m\u016bs\u0173 organizacijos dalimi gali visi norintys. Joki\u0173 speciali\u0173 s\u0105lyg\u0173 n\u0117ra. Svarbiausia \u2013 noras veikti. A\u0161 suprantu, kad ne visi \u017emon\u0117s yra id\u0117j\u0173 generatoriai, ta\u010diau net ir patys \u201ekie\u010diausi\u201c id\u0117j\u0173 generatoriai nieko nepadaryt\u0173 be t\u0173, kurie tas id\u0117jas \u012fgyvendina. Yra simbolinis \u012fstojimo bei met\u0173 naryst\u0117s mokestis, bet, kaip buvo ir man pa\u010diai, u\u017e nuveiktus darbus klubo valdyba da\u017eniausiai pa\u010dius aktyviausius savo narius nuo mokes\u010dio atleid\u017eia. U\u017e surinktus pinigus klubas pats organizuoja \u012fvairius projektus, remia gra\u017eias iniciatyvas, padeda tiems, kuriems tr\u016bksta l\u0117\u0161\u0173 \u012fgyvendinti savo sumanymus\u201c, \u2013 pasakojo pa\u0161nekov\u0117. <\/p>\n<p>Anot Editos, asociacijos nariais gali tapti neb\u016btinai verslininkai, tod\u0117l ji kviet\u0117 prie klubo prisijungti visus t\u0105 norin\u010dius padaryti vilkavi\u0161kie\u010dius. Ji tvirtino, kad jau turi keli\u0173 kra\u0161tie\u010di\u0173 \u017eodinius sutikimus, tad tikimasi, jog artimiausiu metu klubo gretose m\u016bs\u0173 rajono atstov\u0173 dar padaug\u0117s. <\/p>\n<p><strong>Did\u017eiausias turtas \u2013 id\u0117jos<\/strong> <\/p>\n<p>Tapusi jaun\u0173j\u0173 verslinink\u0173 klubo prezidente E. Naidait\u0117 nor\u0117t\u0173 \u0161\u012f laikotarp\u012f \u012fprasminti nuveiktais darbais. O veikl\u0173 laukia i\u0161ties nema\u017eai. <\/p>\n<p>\u0160iuo metu intensyviai planuojama tre\u010dioji Marijampol\u0117s regiono mokini\u0173 bendrovi\u0173 mug\u0117-konkursas, kurios organizavimo id\u0117ja ir kilo tuo metu dar Gra\u017ei\u0161ki\u0173 gimnazijoje dirbusiai Editai. Mokini\u0173 mokomosios bendrov\u0117s \u2013 tai mokymo programa, per kuri\u0105 vaikai jau mokykloje susipa\u017e\u012fsta su verslo k\u016brimo bei jo vystymo pagrindais. <\/p>\n<p>\u0160iais metais vyksiantis renginys bus i\u0161skirtinis tuo, kad truks dvi dienas. Mokiniams, kurie suva\u017eiuos i\u0161 vis\u0173 Lietuvos kampeli\u0173, bus suorganizuota ekskursija po Marijampol\u0119, jie tur\u0117s galimyb\u0119 apsilankyti Lietuvos in\u017einerin\u0117s pramon\u0117s asociacijos autobuse, kuriame \u012fkurta \u201ema\u017ea gamykla\u201c su 3D spausdintuvais, virinimo prietaisais ir t. t. Per rengin\u012f vyks ir speciali konferencija, skirta moksleiviams, mokytojams bei verslininkams. <\/p>\n<p>\u201eSu Marijampol\u0117s regiono jaun\u0173j\u0173 verslinink\u0173 klubu ruo\u0161iame net kelias parai\u0161kas tarptautinei \u201eErasmus+\u201c projekto main\u0173 programai. Mes esame tie, kurie nori mokytis bei tobul\u0117ti. \u0160iemet vyks ir tradiciniai m\u016bs\u0173 renginiai: dvira\u010di\u0173 \u017eygis, Marijampol\u0117s \u0161eim\u0173 \u0161vent\u0117, klubo naujok\u0173 krik\u0161tynos. Dauguma klubo nari\u0173 yra prisiek\u0119 buriuotojai, tod\u0117l rengsime vaik\u0173 buriavimo stovyklas. Labiausiai siekiame tapti \u017einomi ir matomi, tad trok\u0161tame \u012f savo gretas pritraukti daug jaun\u0173 \u017emoni\u0173. Neb\u016btina banko s\u0105skaitoje tur\u0117ti milijono. Brangiausias turtas \u2013 id\u0117jos. Siekiame suvienyti did\u017eiausius regiono verslus, \u0161vietimo \u012fstaigas, vald\u017eios institucijas. Manau, jog pama\u017eu \u017eengiame \u0161iuo keliu\u201c, \u2013 \u0161ypsojosi naujoji jaun\u0173j\u0173 verslinink\u0173 klubo prezident\u0117.<\/p>\n<p>Nuotr. Nauj\u0105ja jaun\u0173j\u0173 verslinink\u0173 klubo prezidente tapusi Edita Naidait\u0117 (viduryje) tikisi savo vadovavimo laikotarp\u012f \u012fprasminti nuveiktais darbais.<\/p>\n<p>Andrius GRYGELAITIS<\/p>\n<p>Publikuota: &#8222;Santaka&#8221;, 2018-02-02.<\/p>\n","protected":false},"excerpt":{"rendered":"<p>Per visuotin\u012f Marijampol\u0117s regiono jaun\u0173j\u0173 verslinink\u0173 klubo susirinkim\u0105 i\u0161rinkta naujoji asociacijos prezident\u0117. Ja daugumos bals\u0173 persvara tapo kybartiet\u0117 Edita Naidait\u0117. Ilgai dvejojo Nuo 2005 m. gyvuojantis jaun\u0173j\u0173 verslinink\u0173 klubas vienija<\/p>\n","protected":false},"author":3,"featured_media":1622,"comment_status":"open","ping_status":"open","sticky":false,"template":"","format":"standard","meta":{"om_disable_all_campaigns":false,"_monsterinsights_skip_tracking":false,"_monsterinsights_sitenote_active":false,"_monsterinsights_sitenote_note":"","_monsterinsights_sitenote_category":0,"_uf_show_specific_survey":0,"_uf_disable_surveys":false,"footnotes":""},"categories":[3,64,46],"tags":[],"class_list":["post-1621","post","type-post","status-publish","format-standard","has-post-thumbnail","hentry","category-kybartai-spaudoje","category-kybartiniai","category-verslas-ir-paslaugos"],"aioseo_notices":[],"_links":{"self":[{"href":"https:\/\/kybartai.lt\/lt_lt\/wp-json\/wp\/v2\/posts\/1621","targetHints":{"allow":["GET"]}}],"collection":[{"href":"https:\/\/kybartai.lt\/lt_lt\/wp-json\/wp\/v2\/posts"}],"about":[{"href":"https:\/\/kybartai.lt\/lt_lt\/wp-json\/wp\/v2\/types\/post"}],"author":[{"embeddable":true,"href":"https:\/\/kybartai.lt\/lt_lt\/wp-json\/wp\/v2\/users\/3"}],"replies":[{"embeddable":true,"href":"https:\/\/kybartai.lt\/lt_lt\/wp-json\/wp\/v2\/comments?post=1621"}],"version-history":[{"count":1,"href":"https:\/\/kybartai.lt\/lt_lt\/wp-json\/wp\/v2\/posts\/1621\/revisions"}],"predecessor-version":[{"id":1623,"href":"https:\/\/kybartai.lt\/lt_lt\/wp-json\/wp\/v2\/posts\/1621\/revisions\/1623"}],"wp:featuredmedia":[{"embeddable":true,"href":"https:\/\/kybartai.lt\/lt_lt\/wp-json\/wp\/v2\/media\/1622"}],"wp:attachment":[{"href":"https:\/\/kybartai.lt\/lt_lt\/wp-json\/wp\/v2\/media?parent=1621"}],"wp:term":[{"taxonomy":"category","embeddable":true,"href":"https:\/\/kybartai.lt\/lt_lt\/wp-json\/wp\/v2\/categories?post=1621"},{"taxonomy":"post_tag","embeddable":true,"href":"https:\/\/kybartai.lt\/lt_lt\/wp-json\/wp\/v2\/tags?post=1621"}],"curies":[{"name":"wp","href":"https:\/\/api.w.org\/{rel}","templated":true}]}}