{"id":1881,"date":"2018-09-28T09:12:13","date_gmt":"2018-09-28T06:12:13","guid":{"rendered":"http:\/\/kybartai.lt\/?p=1881"},"modified":"2018-09-28T09:12:13","modified_gmt":"2018-09-28T06:12:13","slug":"susitikime-aptarti-miestui-aktualus-klausimai","status":"publish","type":"post","link":"https:\/\/kybartai.lt\/lt_lt\/susitikime-aptarti-miestui-aktualus-klausimai\/","title":{"rendered":"Susitikime aptarti miestui aktual\u016bs klausimai"},"content":{"rendered":"<p><strong>Savivaldyb\u0117je apsilank\u0119 Pasaulio kybartie\u010di\u0173 draugijos atstovai su rajono vadovais aptar\u0117 du svarbius klausimus: d\u0117l Pasaulio kybartie\u010di\u0173 galerijos Kybartuose \u012fk\u016brimo ir d\u0117l avarin\u0117s b\u016bkl\u0117s pastato, kuris d\u0117l i\u0161skirtin\u0117s architekt\u016bros yra \u012ftrauktas \u012f Kult\u016bros paveldo objekt\u0173 s\u0105ra\u0161\u0105, likimo.<\/strong><\/p>\n<p>Kalb\u0117damas apie Pasaulio kybartie\u010di\u0173 galerijos Kybartuose \u012fk\u016brimo galimybes Savivaldyb\u0117s meras Algirdas Neiberka draugijos narius informavo, kad jau yra nuspr\u0119sta galerij\u0105 \u012fkurti prie Kybart\u0173 kult\u016bros centro. Ta\u010diau tam reikia inicijuoti Kybart\u0173 kult\u016bros centro veiklos nuostat\u0173 pakeitimus, \u012f \u0161ios \u012fstaigos funkcijas \u012ftraukiant kult\u016brinio \u0161vietimo veikl\u0105. Artimiausiame Savivaldyb\u0117s tarybos pos\u0117dyje ketinama pristatyti nauj\u0173 Kybart\u0173 kult\u016bros centro veiklos nuostat\u0173 projekt\u0105 ir j\u012f patvirtinti. <\/p>\n<p>Susitikime Pasaulio kybartie\u010di\u0173 draugijos atstovai taip pat i\u0161rei\u0161k\u0117 nuog\u0105stavimus d\u0117l avarin\u0117s b\u016bkl\u0117s pastato Kybartuose, J. Basanavi\u010diaus gatv\u0117je, likimo. Dalies \u0161io statinio bendrasavinink\u0117 yra ir Pasaulio kybartie\u010di\u0173 draugija. Pasak draugijos atstov\u0173, siekdami i\u0161saugoti pastat\u0105 per daugel\u012f met\u0173 jie jau padar\u0117 visk\u0105, kas buvo j\u0173 galiose, ta\u010diau dabar supranta, kad yra nebepaj\u0117g\u016bs toliau t\u0119sti \u0161\u012f sumanym\u0105. <\/p>\n<p>D\u0117l vientisumo, i\u0161saugotos puo\u0161ybos, Karaliau\u010diuje pagamint\u0173 metalini\u0173 \u017ealiuzi\u0173 krautuv\u0117li\u0173 langams pastatas J. Basanavi\u010diaus gatv\u0117je \u012ftrauktas \u012f Nekilnojam\u0173j\u0173 kult\u016bros vertybi\u0173 s\u0105ra\u0161\u0105. Ta\u010diau nam\u0105 2000 metais itin nuniokojo kil\u0119s gaisras ir kai kuri\u0173 jo patalp\u0173 savinink\u0173 neveiklumas. \u0160iuo metu pastatas yra tokios b\u016bkl\u0117s, kad, regis, tuoj grius. Aplinkiniams jis kelia didel\u012f pavoj\u0173. Tad nam\u0105 reikia arba sutvarkyti, arba nugriauti, ta\u010diau tam turi pritarti visi savininkai. <\/p>\n<p>\u0160is klausimas ne kart\u0105 buvo svarstytas su patalp\u0173 savininkais, Kult\u016bros paveldo departamento prie Kult\u016bros ministerijos, Marijampol\u0117s teritorinio padalinio atstovais, ta\u010diau prie vieningos nuomon\u0117s, kaip i\u0161saugoti pastat\u0105, taip ir nebuvo prieita. <\/p>\n<p>Prast\u0117jant pastato b\u016bklei, prie\u0161 kelet\u0105 savai\u010di\u0173 (rugpj\u016b\u010dio 29 d.) Savivaldyb\u0117 ra\u0161tu kreip\u0117si \u012f visus patalp\u0173 savininkus d\u0117l statinio neprie\u017ei\u016bros, nurodydama, kad nesiimant joki\u0173 veiksm\u0173 d\u0117l patalp\u0173 avarin\u0117s gr\u0117sm\u0117s pa\u0161alinimo bus sura\u0161yti administracini\u0173 teis\u0117s pa\u017eeidim\u0173 protokolai ir Savivaldyb\u0117s administracija skirs baudas. D\u0117l statinio neprie\u017ei\u016bros neigiamai pasisak\u0117 ir Kult\u016bros paveldo departamentas. <\/p>\n<p>Savivaldyb\u0117 nenusi\u0161alina nuo pagalbos sprend\u017eiant \u0161\u012f klausim\u0105, ta\u010diau galutinis sprendimas \u2013 tik savinink\u0173 rankose. <\/p>\n<p>Ieva \u0160LIVINSKIEN\u0116 <\/p>\n<p>Autor\u0117s nuotr. Pasaulio kybartie\u010di\u0173 draugijos atstovus Savivaldyb\u0117je pri\u0117m\u0117 rajono vadovai.<\/p>\n","protected":false},"excerpt":{"rendered":"<p>Savivaldyb\u0117je apsilank\u0119 Pasaulio kybartie\u010di\u0173 draugijos atstovai su rajono vadovais aptar\u0117 du svarbius klausimus: d\u0117l Pasaulio kybartie\u010di\u0173 galerijos Kybartuose \u012fk\u016brimo ir d\u0117l avarin\u0117s b\u016bkl\u0117s pastato, kuris d\u0117l i\u0161skirtin\u0117s architekt\u016bros yra \u012ftrauktas<\/p>\n","protected":false},"author":3,"featured_media":1882,"comment_status":"open","ping_status":"open","sticky":false,"template":"","format":"standard","meta":{"om_disable_all_campaigns":false,"_monsterinsights_skip_tracking":false,"_monsterinsights_sitenote_active":false,"_monsterinsights_sitenote_note":"","_monsterinsights_sitenote_category":0,"_uf_show_specific_survey":0,"_uf_disable_surveys":false,"footnotes":""},"categories":[16,3,19],"tags":[],"class_list":["post-1881","post","type-post","status-publish","format-standard","has-post-thumbnail","hentry","category-aktualijos","category-kybartai-spaudoje","category-pasaulio-kybartieciu-draugija"],"aioseo_notices":[],"_links":{"self":[{"href":"https:\/\/kybartai.lt\/lt_lt\/wp-json\/wp\/v2\/posts\/1881","targetHints":{"allow":["GET"]}}],"collection":[{"href":"https:\/\/kybartai.lt\/lt_lt\/wp-json\/wp\/v2\/posts"}],"about":[{"href":"https:\/\/kybartai.lt\/lt_lt\/wp-json\/wp\/v2\/types\/post"}],"author":[{"embeddable":true,"href":"https:\/\/kybartai.lt\/lt_lt\/wp-json\/wp\/v2\/users\/3"}],"replies":[{"embeddable":true,"href":"https:\/\/kybartai.lt\/lt_lt\/wp-json\/wp\/v2\/comments?post=1881"}],"version-history":[{"count":1,"href":"https:\/\/kybartai.lt\/lt_lt\/wp-json\/wp\/v2\/posts\/1881\/revisions"}],"predecessor-version":[{"id":1883,"href":"https:\/\/kybartai.lt\/lt_lt\/wp-json\/wp\/v2\/posts\/1881\/revisions\/1883"}],"wp:featuredmedia":[{"embeddable":true,"href":"https:\/\/kybartai.lt\/lt_lt\/wp-json\/wp\/v2\/media\/1882"}],"wp:attachment":[{"href":"https:\/\/kybartai.lt\/lt_lt\/wp-json\/wp\/v2\/media?parent=1881"}],"wp:term":[{"taxonomy":"category","embeddable":true,"href":"https:\/\/kybartai.lt\/lt_lt\/wp-json\/wp\/v2\/categories?post=1881"},{"taxonomy":"post_tag","embeddable":true,"href":"https:\/\/kybartai.lt\/lt_lt\/wp-json\/wp\/v2\/tags?post=1881"}],"curies":[{"name":"wp","href":"https:\/\/api.w.org\/{rel}","templated":true}]}}