{"id":1959,"date":"2018-12-21T21:59:02","date_gmt":"2018-12-21T19:59:02","guid":{"rendered":"http:\/\/kybartai.lt\/?p=1959"},"modified":"2018-12-21T21:59:02","modified_gmt":"2018-12-21T19:59:02","slug":"gaisrines-statybvieteje-ileista-kapsule","status":"publish","type":"post","link":"https:\/\/kybartai.lt\/lt_lt\/gaisrines-statybvieteje-ileista-kapsule\/","title":{"rendered":"Gaisrin\u0117s statybviet\u0117je \u012fleista kapsul\u0117"},"content":{"rendered":"<p><strong>Kybart\u0173 prie\u0161gaisrin\u0117s gelb\u0117jimo komandos ugniagesiams nauj\u0173 patalp\u0173 laukti lieka tik keletas m\u0117nesi\u0173. Tre\u010diadien\u012f \u012f b\u016bsimos gaisrin\u0117s pamatus \u012fleista kapsul\u0117, simbolizuojanti statyb\u0173 prad\u017ei\u0105.<\/strong><\/p>\n<p><em><strong>Iki \u0160v. Florijono<\/strong><\/em> <\/p>\n<p>\u012e J. Bili\u016bno gatv\u0119 savait\u0117s vidury susirink\u0119 svarbias pareigas u\u017eimantys vyrai pa\u017ead\u0117jo: ugniagesi\u0173 glob\u0117jo \u0160v. Florijono \u0161vent\u0119 gegu\u017e\u0117s 4 d. Kybart\u0173 ugniagesiai sutiks naujose patalpose. J\u0173 gelb\u0117tojams reik\u0117jo jau seniai. <\/p>\n<p>Anot Kybart\u0173 seni\u016bno Romo \u0160unoko, senoji 1925 m. pastatyta gaisrin\u0117, iki \u0161iemet n\u0117 karto kapitaliai neremontuota, verta u\u017ekonservuoti ir likti kaip atminimas, kokiomis s\u0105lygomis dirbo ugniagesiai. <\/p>\n<p>\u0160ie vyrai ne kart\u0105 kviet\u0117si vald\u017ei\u0105, \u017eurnalistus ir rod\u0117 tragi\u0161kos b\u016bkl\u0117s pastat\u0105 yran\u010diomis sienomis, pel\u0117sio apniktomis lubomis, vargana kriaukle bei kitomis skurdo aprai\u0161komis. <\/p>\n<p>Buvo kreiptasi ne tik \u012f vietos vald\u017ei\u0105, bet ir \u012f Prie\u0161gaisrin\u0117s apsaugos ir gelb\u0117jimo departamento (PAGD) vadovus, Seimo narius, Vyriausyb\u0119. <\/p>\n<p><strong><em>Pasira\u0161\u0117 sutart\u012f <\/em><\/strong><\/p>\n<p>Vilkavi\u0161kio rajono savivaldyb\u0117s administracija dar 2016 m. gruod\u012f ra\u0161tu kreip\u0117si \u012f PAGD vadovyb\u0119, pra\u0161ydama skirti l\u0117\u0161\u0173 naujos gaisrin\u0117s statybai, akcentuodama ne tik avarin\u0119 pastato b\u016bkl\u0119, bet ir gaisrin\u0117s svarb\u0105 pasienio mieste. <\/p>\n<p>V\u0117liau PAGD ir Vilkavi\u0161kio rajono savivaldyb\u0117s vadovai pasira\u0161\u0117 bendradarbiavimo sutart\u012f. Joje numatyta, kad Savivaldyb\u0117s administracija skirs sklyp\u0105 gaisrin\u0117s statybai ir nuties keli\u0105 bei reikalingas susisiekimo komunikacijas, in\u017einerinius tinklus iki sklypo, kuris skirtas J. Bili\u016bno gatv\u0117je, patogioje strategin\u0117je vietoje miesto prad\u017eioje. PAGD \u012fsipareigojo duoti l\u0117\u0161\u0173 naujam pastatui. <\/p>\n<p>\u0160iemet spalio 30 d. baigtos vie\u0161\u0173j\u0173 pirkim\u0173 proced\u016bros, su Marijampol\u0117s UAB \u201eStatybos ritmas\u201c pasira\u0161yta rangos sutartis ir prad\u0117ti gaisrin\u0117s pastato statyb\u0173 darbai. <\/p>\n<p><em><strong>\u017dad\u0117jo autocistern\u0105 <\/strong><\/em><\/p>\n<p>\u012e simbolines kapsul\u0117s \u012fleidimo i\u0161kilmes susirink\u0119 \u012fvairi\u0173 institucij\u0173 atstovai d\u0117kojo vieni kitiems u\u017e bendradarbiavim\u0105 ir link\u0117jo statybininkams s\u0117kmingai atlikti numatytus darbus, o ugniagesiams \u2013 laiku ne tik \u012fsikurti naujose patalpose, bet ir suteikti pagalb\u0105 gyventojams. <\/p>\n<p>Seimo narys K\u0119stutis Smirnovas vienus nud\u017eiugino, kitus nustebino garsiai pa\u017ead\u0117j\u0119s, kad komandai taip pat bus skirta nauja prie\u0161gaisrin\u0117 autocisterna. <\/p>\n<p>\u201eJau anks\u010diau su Marijampol\u0117s prie\u0161gaisrin\u0117s gelb\u0117jimo valdybos vadovu esame susitar\u0119, kad jei bus pastatytas pastatas, tai reik\u0117s ir automobilio. Tai tuos pa\u017eadus ka\u017ekaip reik\u0117s \u012fvykdyti\u201c, \u2013 kalb\u0117jo Seimo narys. <\/p>\n<p>PAGD direktorius K\u0119stutis Luko\u0161ius patvirtino, kad kybartie\u010di\u0173 darbo s\u0105lygos buvo tikrai vienos pras\u010diausi\u0173 ir nauj\u0173 patalp\u0173 ugniagesiams b\u016btinai reik\u0117jo. Vis d\u0117lto naujos prie\u0161gaisrin\u0117s autocisternos departamento direktorius \u017ead\u0117ti neskub\u0117jo. <\/p>\n<p>Anot jo, de\u0161imt nauj\u0173 prie\u0161gaisrini\u0173 automobilini\u0173 cistern\u0173, kurios bus gautos kit\u0105met, numatytos skirti didesniems miestams. <\/p>\n<p>Ta\u010diau tiek K. Luko\u0161ius, tiek i\u0161kilm\u0117se dalyvav\u0119s Kauno apskrities prie\u0161gaisrin\u0117s gelb\u0117jimo valdybos vir\u0161ininko pareigas laikinai einantis Vidas Barauskas tvirtino, kad apie geresn\u0119 kybartie\u010di\u0173 technik\u0105 tikrai bus pagalvota: galb\u016bt jiems bus skirtas ne naujas, bet ir ne penkt\u0105 de\u0161imtmet\u012f \u012fpus\u0117j\u0119s automobilis, su kokiu vyrai \u012f gaisrus va\u017ein\u0117ja dabar. <\/p>\n<p><strong><em>S\u0105lygos bus geros <\/em><\/strong><\/p>\n<p>Vilkavi\u0161kio rajono savivaldyb\u0117s meras Algirdas Neiberka taip pat d\u0117kojo visiems u\u017e bendradarbiavim\u0105 ir tik\u0117josi, kad spar\u010diai dirbantys rangovai darbus atliks laiku. <\/p>\n<p>\u201eStatydami tok\u012f objekt\u0105 jau\u010diam\u0117s prisidedantys ir prie \u0161io kra\u0161to \u017emoni\u0173 saugumo. Ugniagesiai dabar tur\u0117s kur kas geresnes s\u0105lygas gr\u012f\u017e\u0119 pails\u0117ti ir pasiruo\u0161ti kitam i\u0161kvietimui\u201c, \u2013 sak\u0117 UAB \u201eStatybos ritmas\u201c generalinis direktorius Algirdas Brazys. <\/p>\n<p>Vilkavi\u0161kio dekanas prelatas Vytautas Gustaitis, palink\u0117j\u0119s gelb\u0117tojams ne tik gesinti gaisrus, bet ir kuo daugiau d\u0117mesio skirti prevenciniam darbui, pa\u0161ventino b\u016bsimosios gaisrin\u0117s pamatus. <\/p>\n<p>\u012e juos buvo \u012fleista kapsul\u0117 su ra\u0161tu, liudijan\u010diu Kybart\u0173 komandos gaisrin\u0117s statybos prad\u017ei\u0105 2018-\u0173j\u0173 pabaigoje, bei asmen\u0173, daugiausiai prisid\u0117jusi\u0173 prie naujosios gaisrin\u0117s statybos, para\u0161ais. \u012e pamatus u\u017ekasta kapsul\u0117 saugos ir antsiuv\u0105, siuvam\u0105 prie ugniagesio uniformos, bei \u0161iuo metu Lietuvoje cirkuliuojant\u012f pinig\u0105 \u2013 eur\u0105.<\/p>\n<p>Autor\u0117s nuotr. Neda\u017enai pamatysi dekan\u0105 su kelne rankose: po pulkininko Vido Barausko cemento \u012f kapsul\u0117s \u012fleidimo viet\u0105 \u012fkr\u0117t\u0117 ir prelatas Vytautas Gustaitis.<\/p>\n<p>Egl\u0117 MI\u010cIULIEN\u0116<\/p>\n<p>Publikuota: &#8222;Santaka&#8221;, 2018-12-21.<\/p>\n","protected":false},"excerpt":{"rendered":"<p>Kybart\u0173 prie\u0161gaisrin\u0117s gelb\u0117jimo komandos ugniagesiams nauj\u0173 patalp\u0173 laukti lieka tik keletas m\u0117nesi\u0173. Tre\u010diadien\u012f \u012f b\u016bsimos gaisrin\u0117s pamatus \u012fleista kapsul\u0117, simbolizuojanti statyb\u0173 prad\u017ei\u0105. Iki \u0160v. Florijono \u012e J. Bili\u016bno gatv\u0119 savait\u0117s<\/p>\n","protected":false},"author":3,"featured_media":1960,"comment_status":"open","ping_status":"open","sticky":false,"template":"","format":"standard","meta":{"om_disable_all_campaigns":false,"_monsterinsights_skip_tracking":false,"_monsterinsights_sitenote_active":false,"_monsterinsights_sitenote_note":"","_monsterinsights_sitenote_category":0,"_uf_show_specific_survey":0,"_uf_disable_surveys":false,"footnotes":""},"categories":[3],"tags":[],"class_list":["post-1959","post","type-post","status-publish","format-standard","has-post-thumbnail","hentry","category-kybartai-spaudoje"],"aioseo_notices":[],"_links":{"self":[{"href":"https:\/\/kybartai.lt\/lt_lt\/wp-json\/wp\/v2\/posts\/1959","targetHints":{"allow":["GET"]}}],"collection":[{"href":"https:\/\/kybartai.lt\/lt_lt\/wp-json\/wp\/v2\/posts"}],"about":[{"href":"https:\/\/kybartai.lt\/lt_lt\/wp-json\/wp\/v2\/types\/post"}],"author":[{"embeddable":true,"href":"https:\/\/kybartai.lt\/lt_lt\/wp-json\/wp\/v2\/users\/3"}],"replies":[{"embeddable":true,"href":"https:\/\/kybartai.lt\/lt_lt\/wp-json\/wp\/v2\/comments?post=1959"}],"version-history":[{"count":1,"href":"https:\/\/kybartai.lt\/lt_lt\/wp-json\/wp\/v2\/posts\/1959\/revisions"}],"predecessor-version":[{"id":1961,"href":"https:\/\/kybartai.lt\/lt_lt\/wp-json\/wp\/v2\/posts\/1959\/revisions\/1961"}],"wp:featuredmedia":[{"embeddable":true,"href":"https:\/\/kybartai.lt\/lt_lt\/wp-json\/wp\/v2\/media\/1960"}],"wp:attachment":[{"href":"https:\/\/kybartai.lt\/lt_lt\/wp-json\/wp\/v2\/media?parent=1959"}],"wp:term":[{"taxonomy":"category","embeddable":true,"href":"https:\/\/kybartai.lt\/lt_lt\/wp-json\/wp\/v2\/categories?post=1959"},{"taxonomy":"post_tag","embeddable":true,"href":"https:\/\/kybartai.lt\/lt_lt\/wp-json\/wp\/v2\/tags?post=1959"}],"curies":[{"name":"wp","href":"https:\/\/api.w.org\/{rel}","templated":true}]}}