{"id":2104,"date":"2019-06-27T17:28:58","date_gmt":"2019-06-27T14:28:58","guid":{"rendered":"http:\/\/kybartai.lt\/?p=2104"},"modified":"2019-06-27T17:28:58","modified_gmt":"2019-06-27T14:28:58","slug":"noveles-apie-tremti-artimuosius-ir-pazistamus","status":"publish","type":"post","link":"https:\/\/kybartai.lt\/lt_lt\/noveles-apie-tremti-artimuosius-ir-pazistamus\/","title":{"rendered":"Novel\u0117s apie tremt\u012f, artimuosius ir pa\u017e\u012fstamus"},"content":{"rendered":"<p><strong>Pavasaris, vasara, ruduo ir \u017eiema vis ratu ir ratu, kaip \u017eem\u0117 aplink saul\u0119, kaip met\u0173 m\u0117nesiai. O, kad taip ir \u017emogaus metai sukt\u0173si ratu. <....> &#8230; ir ne\u017einai, kuriame laike tu gyvensi savo gyvenim\u0105. Mes buvome tremties vaikai, pas daugel\u012f atkeliaudavo giltin\u0117, bet buvome vieningi, myl\u0117jome savo \u0161al\u012f. Dabartinis jaunimas, nors ir kremta mokslus u\u017esienyje, bet myli savo gimtin\u0119. Kaip smagu \u017ei\u016br\u0117ti per televizori\u0173, kiek jaun\u0173 \u017emoni\u0173 vyksta \u012f Sibir\u0105 sutvarkyti ten gulin\u010di\u0173 lietuvi\u0173 kap\u0173. Kiek susirenka liepos 6 dienos vakare giedoti Lietuvos himno. Visais laikais buvo prisitaik\u0117li\u0173 ir patriot\u0173, \u2013 m\u0105sto sau Sigita. \u2013 Kiekvienas \u017emogus, kiekviena gyvastis gyvena savam laike, jis turi prad\u017ei\u0105 ir pabaig\u0105. Motul\u0117 vis pra\u0161o Auk\u0161\u010diausiojo, kad leist\u0173 keliauti pas savo mylim\u0105j\u012f, kad gana, jau prigyveno \u0161ioje \u017eem\u0117je. Skauda kaulus ir supranta, kad jai jau reikia artim\u0173j\u0173 pagalbos. Bet Dievulis visiems turi paruo\u0161\u0119s gyvenimo knyg\u0105 ir jos visos skirtingos, kaip ir \u017emon\u0117s.\u201c<\/strong><\/p>\n<p>Taip savo pirmoje noveli\u0173 knygoje \u201eGimiau savo laiku\u201c ra\u0161o Kalvarijos savivaldyb\u0117s literat\u0173 klubo \u201eRasa\u201c nar\u0117 Vilija Vilkelien\u0117. <\/p>\n<p>\u0160i poet\u0117 ir ra\u0161ytoja vie\u0161\u0117jo Vilkavi\u0161kio rajono ne\u012fgali\u0173j\u0173 draugijos Kybart\u0173 grup\u0117je, kur pristat\u0117 savo noveli\u0173 knyg\u0105. Kaip joje ra\u0161oma, \u201etai pirmoji Vilijos Vilkelien\u0117s prozos knyga, kurioje pasakojama senos gimin\u0117s istorija. Autor\u0117, kilusi i\u0161 Kalvarijos, bando perteikti savo gimtojo kra\u0161to autentik\u0105, istorij\u0105, sen\u0173 \u017emoni\u0173 kalb\u0105, nevengia tarmi\u0161k\u0173 \u017eod\u017ei\u0173, tod\u0117l jos pasakojimo stilius lengvas, artimas \u0161nekamajai kalbai.\u201c <\/p>\n<p>Renginyje ra\u0161ytoja \u012fdomiai papasakojo knygos atsiradimo istorij\u0105. Prisimin\u0117, kaip ji rinko med\u017eiag\u0105 savo tekstams, kaip klausin\u0117jo bei klaus\u0117si savo artim\u0173j\u0173, gimini\u0173, pa\u017e\u012fstam\u0173 ir visai svetim\u0173 \u017emoni\u0173 \u012fvairi\u0173 skaud\u017ei\u0173, tragi\u0161k\u0173, sunki\u0173, o kartais ir linksm\u0173 bei juoking\u0173 istorij\u0173 apie senos gimin\u0117s, o kartu ir visos tautos istorij\u0105, sunk\u0173 gyvenim\u0105 kaime pokario metais, apie tremt\u012f&#8230; Labai jausmingai ir \u012ftaigiai skait\u0117 noveli\u0173 i\u0161traukas, skirtas artimiesiems bei pa\u017e\u012fstamiems. <\/p>\n<p>Vilija nuo ankstyvos jaunyst\u0117s ra\u0161o ir eiles. Eil\u0117ra\u0161\u010diuose ji i\u0161lieja savo jausmus ir i\u0161gyvenimus, kuriais pasidalijo su visais susirinkusiais jos pasiklausyti. Gal\u0117jome i\u0161girsti ne vien\u0105 autorei brang\u0173, jausming\u0105 eil\u0117ra\u0161t\u012f, skirt\u0105 savo \u0161aliai, \u012fvairioms gyvenimo progoms ir \u0161vent\u0117ms, o taip pat ir patiems artimiausiems bei brangiausiems \u017emon\u0117ms \u2013 savo \u0161eimos nariams, gimin\u0117ms, draugams. <\/p>\n<p>Per vis\u0105 rengin\u012f skamb\u0117jo nuotaikingos Jurgitos Arelien\u0117s dainos. Ji nuostabiai atliko savo mamos Inetos \u010cesnien\u0117s ir kit\u0173 autori\u0173 k\u016brinius. <\/p>\n<p>Po knygos pristatymo autor\u0119 sveikino renginio organizatoriai, giminai\u010diai, draugai, visi susirinkusieji, link\u0117dami ra\u0161ytojai k\u016brybin\u0117s s\u0117km\u0117s ir dar ne vieno susitikimo, pristatant kitus savo k\u016brinius. Vie\u0161nia liko sujaudinta ir d\u0117kinga u\u017e \u0161ilt\u0105 pri\u0117mim\u0105. D\u0117kodama susirinkusiesiems V. Vilkelien\u0117 gra\u017ei\u0173 \u017eod\u017ei\u0173 i\u0161sak\u0117 knygos sudarytojai, redaktorei ir korektorei Vilijai Dobrovolskienei, savo \u0161eimai sak\u0117 a\u010di\u016b u\u017e visokeriop\u0105 pagalb\u0105, palaikym\u0105, u\u017e finansin\u012f par\u0117mim\u0105. <\/p>\n<p>Au\u0161ra KOKANSKIEN\u0116<br \/>\nKybart\u0173 miesto bibliotekos ved\u0117ja <\/p>\n<p>Autor\u0117s nuotr. Ra\u0161ytoja Vilija Vilkelien\u0117 (de\u0161in\u0117je) susirinkusioms kybartiet\u0117ms papasakojo daugelio savo k\u016brini\u0173 atsiradimo istorijas.<\/p>\n<p>Projekt\u0105 \u201e\u010cia \u2013 m\u016bs\u0173 namai\u201c remia Spaudos, radijo ir televizijos r\u0117mimo fondas<\/p>\n","protected":false},"excerpt":{"rendered":"<p>Pavasaris, vasara, ruduo ir \u017eiema vis ratu ir ratu, kaip \u017eem\u0117 aplink saul\u0119, kaip met\u0173 m\u0117nesiai. O, kad taip ir \u017emogaus metai sukt\u0173si ratu. &#8230; ir ne\u017einai, kuriame laike tu<\/p>\n","protected":false},"author":3,"featured_media":2105,"comment_status":"open","ping_status":"open","sticky":false,"template":"","format":"standard","meta":{"om_disable_all_campaigns":false,"_monsterinsights_skip_tracking":false,"_monsterinsights_sitenote_active":false,"_monsterinsights_sitenote_note":"","_monsterinsights_sitenote_category":0,"_uf_show_specific_survey":0,"_uf_disable_surveys":false,"footnotes":""},"categories":[8,3,14],"tags":[],"class_list":["post-2104","post","type-post","status-publish","format-standard","has-post-thumbnail","hentry","category-kultura","category-kybartai-spaudoje","category-httpswww-vilkaviskis-rvb-ltltstruktura-ir-kontaktai373-kybartu-miesto-filialas"],"aioseo_notices":[],"_links":{"self":[{"href":"https:\/\/kybartai.lt\/lt_lt\/wp-json\/wp\/v2\/posts\/2104","targetHints":{"allow":["GET"]}}],"collection":[{"href":"https:\/\/kybartai.lt\/lt_lt\/wp-json\/wp\/v2\/posts"}],"about":[{"href":"https:\/\/kybartai.lt\/lt_lt\/wp-json\/wp\/v2\/types\/post"}],"author":[{"embeddable":true,"href":"https:\/\/kybartai.lt\/lt_lt\/wp-json\/wp\/v2\/users\/3"}],"replies":[{"embeddable":true,"href":"https:\/\/kybartai.lt\/lt_lt\/wp-json\/wp\/v2\/comments?post=2104"}],"version-history":[{"count":1,"href":"https:\/\/kybartai.lt\/lt_lt\/wp-json\/wp\/v2\/posts\/2104\/revisions"}],"predecessor-version":[{"id":2106,"href":"https:\/\/kybartai.lt\/lt_lt\/wp-json\/wp\/v2\/posts\/2104\/revisions\/2106"}],"wp:featuredmedia":[{"embeddable":true,"href":"https:\/\/kybartai.lt\/lt_lt\/wp-json\/wp\/v2\/media\/2105"}],"wp:attachment":[{"href":"https:\/\/kybartai.lt\/lt_lt\/wp-json\/wp\/v2\/media?parent=2104"}],"wp:term":[{"taxonomy":"category","embeddable":true,"href":"https:\/\/kybartai.lt\/lt_lt\/wp-json\/wp\/v2\/categories?post=2104"},{"taxonomy":"post_tag","embeddable":true,"href":"https:\/\/kybartai.lt\/lt_lt\/wp-json\/wp\/v2\/tags?post=2104"}],"curies":[{"name":"wp","href":"https:\/\/api.w.org\/{rel}","templated":true}]}}