{"id":2236,"date":"2019-10-29T21:17:27","date_gmt":"2019-10-29T19:17:27","guid":{"rendered":"http:\/\/kybartai.lt\/?p=2236"},"modified":"2019-10-29T21:17:29","modified_gmt":"2019-10-29T19:17:29","slug":"rudens-svente-matlaukyje-vainikuota-muziejaus-atidarymu","status":"publish","type":"post","link":"https:\/\/kybartai.lt\/lt_lt\/rudens-svente-matlaukyje-vainikuota-muziejaus-atidarymu\/","title":{"rendered":"Rudens \u0161vent\u0117 Matlaukyje vainikuota muziejaus atidarymu"},"content":{"rendered":"\n<p><strong>Praeit\u0105 \u0161e\u0161tadien\u012f Matlaukyje \u0161urmuliavo rudens \u0161vent\u0117 \u201eJei ne morkos, tai burokai\u201c. I\u0161radinga Matlaukio kaimo bendruomen\u0117s taryba susirinkusiuosius ne pirm\u0105 kart\u0105 nustebino k\u016brybingumu ir dosnumu.<\/strong><\/p>\n\n\n\n<p>Rudens \u0161vent\u0117je d\u0117mesio netr\u016bko nei tradicijoms, nei naujov\u0117ms. Matlaukie\u010diai at\u0161vent\u0117 ne tik derliaus nu\u0117mimo pabaigtuves, bet ir atidar\u0117 muziej\u0173. <\/p>\n\n\n\n<p>Jau antr\u0105 m\u0117nes\u012f laukuose karaliaujantis margaspalvis ruduo pagaliau leido atsip\u016bsti ir \u016bkininkams. Tai j\u0173 darb\u0161\u010di\u0173 rank\u0173 nuopelnas, kad ant stalo netr\u016bko duonos, pyrago, la\u0161ini\u0173, gardaus s\u016brio, saldaus medaus, kitoki\u0173 skanumyn\u0173. \u0160iomis g\u0117ryb\u0117mis jie pasidalijo ir su bendruomene. <\/p>\n\n\n\n<p>Pad\u0117koti u\u017e derli\u0173 ir vieni kitus bendruomen\u0117s nariai, sve\u010diai rinkosi \u012f \u0161v. Mi\u0161ias Virbalio ba\u017eny\u010dioje. V\u0117liau visi skub\u0117jo \u012f Matlaukio kaimo bendruomen\u0117s muziejaus atidarym\u0105. Nuo \u0161iol kiekvienas bendruomen\u0117s nam\u0173 sve\u010dias gal\u0117s pasklaidyti vietini\u0173 sukaupt\u0105 nuotrauk\u0173, straipsni\u0173 ir dokument\u0173 archyv\u0105, prisiminimais pakeliauti ilgu kaimo istorijos ir bendruomen\u0117s nueitu keliu. Matlauk\u012f garsinanti krep\u0161inio komanda papuo\u0161\u0117 muziej\u0173 i\u0161kovotais trof\u0117jais. Sulaukta dovan\u0173 bei palink\u0117jim\u0173 i\u0161 kaimynini\u0173 bendruomeni\u0173, aplankiusi\u0173 sve\u010di\u0173 ir mecenat\u0173. <\/p>\n\n\n\n<p>Nors \u010dia tik dalel\u0117 to, kas vyksta \u0161iuose bendruomen\u0117s namuose, bet tai \u2013 \u012frodymas sau ir kitiems, kokia reikalinga kaimui vieninga, k\u016brybi\u0161ka ir neabejinga bendruomen\u0117, kur viet\u0105 randa kiekvienas jos narys. <\/p>\n\n\n\n<p>\u0160vent\u0117je dalyvavo ir rajono Savivaldyb\u0117s vadovai: meras Algirdas Neiberka, administracijos direktorius Vitas Gav\u0117nas, jo pavaduotoja Daiva Riklien\u0117, taip pat Kybart\u0173 seni\u016bnas Romas \u0160unokas. <\/p>\n\n\n\n<p>Sve\u010diai link\u0117jo bendruomenei ir toliau nestokoti id\u0117j\u0173 bei s\u0117km\u0117s naujuose darbuose. <\/p>\n\n\n\n<p>Matlaukio kaimo bendruomen\u0117s pirminink\u0117 Daiva Dubauskien\u0117 pad\u0117kojo visiems, kurie prisid\u0117jo prie muziejaus \u012fk\u016brimo. <\/p>\n\n\n\n<p>U\u017e pagalb\u0105 ir savanori\u0161k\u0105 nuo\u0161ird\u0173 darb\u0105 bendruomen\u0117s labui ji \u012fteik\u0117 pad\u0117kas Vilkavi\u0161kio rajono savivaldybei, Kybart\u0173 seni\u016bnui. <\/p>\n\n\n\n<p>Ger\u0173 \u017eod\u017ei\u0173, pad\u0117k\u0173 ir savomis rankomis velt\u0173 simbolini\u0173 burok\u0173 i\u0161 pirminink\u0117s sulauk\u0117 aktyviausi bendruomen\u0117s nariai. <\/p>\n\n\n\n<p>\u0160vent\u0119 papuo\u0161\u0117 ansamblio muzika, vaik\u0173 darbeli\u0173 bei pie\u0161ini\u0173 paroda. <\/p>\n\n\n\n<p>Pasak vietini\u0173, ruduo kaime \u2013 visai neni\u016brus, kai jame gyvena darb\u0161t\u016bs ir gerai nusiteik\u0119 \u017emon\u0117s. <\/p>\n\n\n\n<p>\u201eSantakos\u201c inf. <\/p>\n\n\n\n<p>Daivos RIKLIEN\u0116S nuotr. Matlaukyje vie\u0161\u0117j\u0119s rajono meras Algirdas Neiberka per\u017evelg\u0117 vietos \u017emoni\u0173 sukaupt\u0105 istorin\u0119 med\u017eiag\u0105.<\/p>\n\n\n\n<p>Publikuota: \u201eSantaka\u201c, 2019-10-18.<\/p>\n","protected":false},"excerpt":{"rendered":"<p>Praeit\u0105 \u0161e\u0161tadien\u012f Matlaukyje \u0161urmuliavo rudens \u0161vent\u0117 \u201eJei ne morkos, tai burokai\u201c. I\u0161radinga Matlaukio kaimo bendruomen\u0117s taryba susirinkusiuosius ne pirm\u0105 kart\u0105 nustebino k\u016brybingumu ir dosnumu. Rudens \u0161vent\u0117je d\u0117mesio netr\u016bko nei tradicijoms,<\/p>\n","protected":false},"author":3,"featured_media":2237,"comment_status":"open","ping_status":"open","sticky":false,"template":"","format":"standard","meta":{"om_disable_all_campaigns":false,"_monsterinsights_skip_tracking":false,"_monsterinsights_sitenote_active":false,"_monsterinsights_sitenote_note":"","_monsterinsights_sitenote_category":0,"_uf_show_specific_survey":0,"_uf_disable_surveys":false,"footnotes":""},"categories":[3,56],"tags":[],"class_list":["post-2236","post","type-post","status-publish","format-standard","has-post-thumbnail","hentry","category-kybartai-spaudoje","category-matlaukio-kaimo-benduomene"],"aioseo_notices":[],"_links":{"self":[{"href":"https:\/\/kybartai.lt\/lt_lt\/wp-json\/wp\/v2\/posts\/2236","targetHints":{"allow":["GET"]}}],"collection":[{"href":"https:\/\/kybartai.lt\/lt_lt\/wp-json\/wp\/v2\/posts"}],"about":[{"href":"https:\/\/kybartai.lt\/lt_lt\/wp-json\/wp\/v2\/types\/post"}],"author":[{"embeddable":true,"href":"https:\/\/kybartai.lt\/lt_lt\/wp-json\/wp\/v2\/users\/3"}],"replies":[{"embeddable":true,"href":"https:\/\/kybartai.lt\/lt_lt\/wp-json\/wp\/v2\/comments?post=2236"}],"version-history":[{"count":1,"href":"https:\/\/kybartai.lt\/lt_lt\/wp-json\/wp\/v2\/posts\/2236\/revisions"}],"predecessor-version":[{"id":2238,"href":"https:\/\/kybartai.lt\/lt_lt\/wp-json\/wp\/v2\/posts\/2236\/revisions\/2238"}],"wp:featuredmedia":[{"embeddable":true,"href":"https:\/\/kybartai.lt\/lt_lt\/wp-json\/wp\/v2\/media\/2237"}],"wp:attachment":[{"href":"https:\/\/kybartai.lt\/lt_lt\/wp-json\/wp\/v2\/media?parent=2236"}],"wp:term":[{"taxonomy":"category","embeddable":true,"href":"https:\/\/kybartai.lt\/lt_lt\/wp-json\/wp\/v2\/categories?post=2236"},{"taxonomy":"post_tag","embeddable":true,"href":"https:\/\/kybartai.lt\/lt_lt\/wp-json\/wp\/v2\/tags?post=2236"}],"curies":[{"name":"wp","href":"https:\/\/api.w.org\/{rel}","templated":true}]}}