{"id":2310,"date":"2020-01-14T18:50:17","date_gmt":"2020-01-14T16:50:17","guid":{"rendered":"http:\/\/kybartai.lt\/?p=2310"},"modified":"2020-03-30T22:36:31","modified_gmt":"2020-03-30T19:36:31","slug":"vaiku-globos-namai-ant-pokyciu-slenkscio","status":"publish","type":"post","link":"https:\/\/kybartai.lt\/lt_lt\/vaiku-globos-namai-ant-pokyciu-slenkscio\/","title":{"rendered":"Vaik\u0173 globos namai \u2013 ant poky\u010di\u0173 slenks\u010dio"},"content":{"rendered":"\n<p><strong>Kybart\u0173 vaik\u0173 globos namai \u0161iais metais tur\u0117t\u0173 keisti savo veikl\u0105 ir pavadinim\u0105. Mat \u0161ioje \u012fstaigoje jau teikiama kur kas daugiau \u012fvairi\u0173 socialini\u0173 paslaug\u0173 ir jos dar pl\u0117sis.<\/strong><br><br><strong><em>Reforma pasiteisino<\/em><\/strong>\u00a0<br><br>Kaip anks\u010diau ra\u0161\u0117me, iki 2023 met\u0173 pabaigos visoje \u0161alyje turi nebelikti vaik\u0173 globos nam\u0173. Jie privalo b\u016bti pertvarkomi \u012f bendruomeninius vaik\u0173 globos namus. D\u0117l to rajono Savivaldyb\u0117 jau yra \u012fgijusi ne vien\u0105 but\u0105, kur perkelti ir apgyvendinti vaik\u0173 globos nam\u0173 aukl\u0117tiniai.\u00a0<br><br>Prie\u0161 pusantr\u0173 met\u0173 Kybart\u0173 vaik\u0173 globos nam\u0173 ugdytiniai prad\u0117jo gyventi \u0161eimos modelio bendruomeniniuose vaik\u0173 globos padaliniuose Vilkavi\u0161kyje ir Kybartuose. Da\u017eniausiai vaikai gyvena penkiese atskiruose butuose. Kybart\u0173 globos nam\u0173 direktor\u0117s pareigas laikinai einanti Laimut\u0117 Bagdanavi\u010dien\u0117 d\u017eiaug\u0117si, kad bendruomeniniuose vaik\u0173 globos namuose n\u0117ra didel\u0117s darbuotoj\u0173 kaitos. Pakaitomis dirba keli socialiniai darbuotojai ir j\u0173 pad\u0117j\u0117jai. Taip pat vaikus konsultuoja psichologai.\u00a0<br><br>\u201e\u010cia dirbantys \u017emon\u0117s vaikams tarsi t\u0117vai. Aukl\u0117tiniai jais gali pasitik\u0117ti, nebijo atsiverti, \u017eino, jog jais besir\u016bpinantys \u017emon\u0117s niekur nedings. Taip gyvendami vaikai u\u017esitikrina integracij\u0105 \u012f bendruomen\u0119, jiems sudaromos galimyb\u0117s augti aplinkoje, kuri yra artima \u0161eimos modeliui, galima \u012fgyti savaranki\u0161kam gyvenimui svarbi\u0173 \u012fg\u016bd\u017ei\u0173\u201c, \u2013 teig\u0117 \u012fstaigos vadov\u0117.\u00a0<br><br>Bendruomeniniuose vaik\u0173 globos namuose augantys vaikai mokomi socialini\u0173 \u012fg\u016bd\u017ei\u0173, \u012fvairiausi\u0173 buities darb\u0173, supa\u017eindinami su \u0161eimos biud\u017eeto planavimo pagrindais.\u00a0<br><br>\u201eKiekvienas i\u0161 ugdytini\u0173 turi asmenin\u0119 banko s\u0105skait\u0105, \u012f kuri\u0105 pervedami vaikui priklausantys pinigai ir dienpinigiai. Jaunuoliai patys sprend\u017eia, k\u0105 nor\u0117s pirkti. D\u017eiugu, kad vaikai ne tik i\u0161leid\u017eia pinigus, bet ir pasitaupo. Planuodami pirkti brangesn\u012f pirkin\u012f tariasi su socialiniu darbuotoju, nors paskutinis lemiamas \u017eodis visada yra vaik\u0173\u201c, \u2013 pasakojo direktor\u0117. Ji d\u017eiaug\u0117si, jog poky\u010diai yra akivaizd\u016bs ir viskas krypsta ger\u0105ja linkme.\u00a0<br><br><strong><em>Dienos centras<\/em><\/strong>\u00a0<br><br>Vaikams i\u0161sikraus\u010dius \u012f bendruomeninius namus, globos nam\u0173 pastate liko nema\u017eai laisv\u0173 patalp\u0173, tod\u0117l atsirado galimyb\u0117 \u012fgyvendinti kybartie\u010di\u0173 pageidavim\u0105 \u012fkurti dienos centr\u0105 vaikams.\u00a0<br><br>Lapkri\u010dio m\u0117nes\u012f antro auk\u0161to patalpose laikinai \u012fsik\u016br\u0117 vaik\u0173 dienos centras, kol tikrosios patalpos, kurios bus pirmame pastato auk\u0161te, dar tik ruo\u0161iamos.\u00a0<br><br>\u201eJaut\u0117me poreik\u012f \u012fsteigti \u0161\u012f centr\u0105, nes tai puiki \u017eaidim\u0173, edukacij\u0173, mokym\u0173, poilsio vieta vaikams. \u012e dienos centr\u0105 gali ateiti vaikai nuo 6 iki 15 met\u0173. Da\u017eniausiai \u010dia jie atlieka nam\u0173 darbus, \u017eaid\u017eia kompiuterinius \u017eaidimus, bendrauja tarpusavyje\u201c, \u2013 kalb\u0117jo L. Bagdanavi\u010dien\u0117.\u00a0<br><br>\u0160ia \u012fstaiga ypa\u010d d\u017eiaugiasi t\u0117veliai, nes jiems nereikia sukti galvos, kaip u\u017eimti s\u016bn\u0173 ar dukr\u0105 po pamok\u0173. Artimieji \u017eino, jog \u010dia vaiku bus tinkamai pasir\u016bpinta. T\u0117vai, kurie nori, kad j\u0173 at\u017ealos lankyt\u0173 \u0161i\u0105 \u012fstaig\u0105, turi pateikti pra\u0161ym\u0105, sudaryti sutart\u012f ir j\u0173 vaikai \u0161iokiadieniais, nuo 14 val. iki 18 val., laik\u0105 gal\u0117s praleisti dienos centre.\u00a0<br><br>Direktor\u0117 pasakojo, jog dienos centro veikla itin suaktyv\u0117jo paskutin\u012f praeit\u0173 met\u0173 m\u0117nes\u012f, prie\u0161 did\u017ei\u0105sias \u0161ventes. Tada vyko adventin\u0117s popiet\u0117s, \u012f kurias buvo atvyk\u0119s Kybart\u0173 Eucharistinio I\u0161ganytojo ba\u017eny\u010dios klebonas kun. Vaidotas Laba\u0161auskas.\u00a0<br><br>Pa\u0161nekov\u0117 labai d\u017eiaug\u0117si \u201eNeringos pal\u0117p\u0117s\u201c \u012fk\u016br\u0117jos Neringos, skaut\u0173 organizacijos vadov\u0117s Vilijos, jogos mokytojos Eugenijos, savanori\u0173 Astos ir Danut\u0117s veikla.\u00a0<br><br><strong><em>Steigiamos dirbtuv\u0117s<\/em><\/strong>\u00a0<br><br>Kadangi pastatas did\u017eiulis, jo erdves norima i\u0161naudoti tinkamai, tod\u0117l \u012fsteigtos ir netrukus jame prad\u0117s veikti socialin\u0117s dirbtuv\u0117s proto ir psichikos negali\u0105 turintiems asmenims.\u00a0<br><br>Tai naujas rei\u0161kinys, nes toki\u0173 dirbtuvi\u0173 Lietuvoje vos kelios. Kybartie\u010diai bus vieni i\u0161 pirm\u0173j\u0173, prad\u0117sian\u010di\u0173 toki\u0105 veikl\u0105.\u00a0<br><br>Jai l\u0117\u0161\u0173 buvo gauta i\u0161 Ne\u012fgali\u0173j\u0173 reikal\u0173 departamento prie Socialin\u0117s apsaugos ir darbo ministerijos skelbto projekto \u201eNuo globos link galimybi\u0173: bendruomenini\u0173 paslaug\u0173 pl\u0117tra\u201c, kuriame dalyvavo Kybart\u0173 vaik\u0173 globos nam\u0173 bendruomen\u0117 ir tapo projekto partnere.\u00a0<br><br>L. Bagdanavi\u010dien\u0117 pasakojo, kad prie\u0161 kelet\u0105 met\u0173 buvo renovuota globos nam\u0173 virtuv\u0117 ir jos \u012franga, tod\u0117l kolektyvas nusprend\u0117 i\u0161naudoti turimas galimybes. Buvo nutarta \u012f veikl\u0105 integruoti ne\u012fgaliuosius ir juos mokyti kepti \u012fvairius konditerijos gaminius.\u00a0<br><br>Vadov\u0117 tikisi, jog norin\u010di\u0173j\u0173 mokytis konditerijos paslap\u010di\u0173 bus, nes dalyvaujantieji projekte gal\u0117s save realizuoti, atskleisti geb\u0117jimus ir aktyviau \u012fsitraukti \u012f socialin\u012f gyvenim\u0105. Socialini\u0173 dirbtuvi\u0173 lankytojams bus mokama 38 eur\u0173 stipendija. Numatyta, kad dirbtuv\u0117s veiks 3 metus. Planuojama \u012fsteigti profesin\u0117s srities gamybos ir paslaug\u0173 specialisto, rinkodaros vadybininko, socialinio darbuotojo ir jo pad\u0117j\u0117jo etatus. Ne\u012fgalieji 5 proc. savo gamini\u0173 tur\u0117s realizuoti, o gaunamas l\u0117\u0161as gal\u0117s pasilikti dirbtuvi\u0173 reikm\u0117ms.\u00a0<br><br>\u201eSvajojame ka\u017ekada atidaryti savo kepini\u0173 kioskel\u012f. Viliuosi, jog atsakingai padirb\u0117j\u0119 ne\u012fgalieji i\u0161moks nauj\u0173 dalyk\u0173, \u012fgis nauj\u0173 geb\u0117jim\u0173, o galb\u016bt net taps reikalingi \u012fmon\u0117ms\u201c, \u2013 optimisti\u0161kai nusiteikusi kalb\u0117jo L. Bagdanavi\u010dien\u0117.\u00a0<br><br><strong><em>Apgyvendins \u0161eimas\u00a0<\/em><\/strong><br><br>Likusios vaik\u0173 globos nam\u0173 patalpos bus panaudotos teikiant socialin\u0117s prie\u017ei\u016bros ir laikino apgyvendinimo paslaugas, kuri\u0173 prireik\u0117 pasikeitus \u012fstatymams. Nuo \u0161i\u0173 met\u0173 sausio 1 dienos \u012fsigaliojo Vaiko teisi\u0173 apsaugos \u012fstatymo pakeitimas, kuriuo siekiama efektyviau ginti vaik\u0173 teises, leisti jiems augti \u0161eimoje.Nebus nustatin\u0117jamas gr\u0117sm\u0117s vaikui lygis, o tiesiog tenkinami \u0161eimos ir vaiko poreikiai.\u00a0<br><br>Tai rei\u0161kia, jog i\u0161 prad\u017ei\u0173 bus taikoma laikinoji prie\u017ei\u016bra, kurios metu vaiko saugumas bus u\u017etikrinamas padedant giminai\u010diams, artimiesiems arba vaikas bus apgyvendinamas su t\u0117vais ar vienu i\u0161 nesmurtaujan\u010di\u0173 t\u0117v\u0173. \u012e teism\u0105 d\u0117l t\u0117v\u0173 teisi\u0173 apribojimo bus kreiptasi tik tuomet, kai bus i\u0161naudotos visos pagalbos priemon\u0117s ir t\u0117vai nerodys jokios iniciatyvos keistis.\u00a0<br><br>Kybart\u0173 vaik\u0173 globos nam\u0173 vadov\u0117 pasakojo, kad \u012fstaiga yra paruo\u0161usi patalpas antrame pastato auk\u0161te, kur bus teikiamos socialin\u0117s prie\u017ei\u016bros ir laikino apgyvendinimo paslaugos. Specialiai tam \u012frengti kambariai, virtuv\u0117l\u0117 \u2013 viskas, ko reikia \u0161eimai.\u00a0<br><br>\u201eM\u016bs\u0173 kolektyvas labai atsidav\u0119s savo darbui, tod\u0117l \u010dia apsigyvensian\u010dioms \u0161eimoms esame pasireng\u0119 teikti visokeriop\u0105 pagalb\u0105: pad\u0117sime \u017emon\u0117ms \u012fsidarbinti, socializuotis, tokias \u0161eimas konsultuos psichologai\u201c, \u2013 pasakojo L. Bagdanavi\u010dien\u0117.<\/p>\n\n\n\n<p><em>Toma BIR\u0160TON\u0116<\/em><\/p>\n\n\n\n<p>Autor\u0117s nuotr. Socialin\u0117 darbuotoja Silvijana A\u017eukien\u0117 r\u016bpinasi vaik\u0173 dienos centro lankytoj\u0173 laisvalaikiu.<\/p>\n\n\n\n<p>Publikuota: &#8222;Santaka&#8221;, 2020-01-20.<\/p>\n","protected":false},"excerpt":{"rendered":"<p>Kybart\u0173 vaik\u0173 globos namai \u0161iais metais tur\u0117t\u0173 keisti savo veikl\u0105 ir pavadinim\u0105. Mat \u0161ioje \u012fstaigoje jau teikiama kur kas daugiau \u012fvairi\u0173 socialini\u0173 paslaug\u0173 ir jos dar pl\u0117sis. Reforma pasiteisino\u00a0 Kaip<\/p>\n","protected":false},"author":3,"featured_media":2311,"comment_status":"closed","ping_status":"open","sticky":false,"template":"","format":"standard","meta":{"om_disable_all_campaigns":false,"_monsterinsights_skip_tracking":false,"_monsterinsights_sitenote_active":false,"_monsterinsights_sitenote_note":"","_monsterinsights_sitenote_category":0,"_uf_show_specific_survey":0,"_uf_disable_surveys":false,"footnotes":""},"categories":[3,15],"tags":[],"class_list":["post-2310","post","type-post","status-publish","format-standard","has-post-thumbnail","hentry","category-kybartai-spaudoje","category-httpkybartuglobosnamai-webnode-com"],"aioseo_notices":[],"_links":{"self":[{"href":"https:\/\/kybartai.lt\/lt_lt\/wp-json\/wp\/v2\/posts\/2310","targetHints":{"allow":["GET"]}}],"collection":[{"href":"https:\/\/kybartai.lt\/lt_lt\/wp-json\/wp\/v2\/posts"}],"about":[{"href":"https:\/\/kybartai.lt\/lt_lt\/wp-json\/wp\/v2\/types\/post"}],"author":[{"embeddable":true,"href":"https:\/\/kybartai.lt\/lt_lt\/wp-json\/wp\/v2\/users\/3"}],"replies":[{"embeddable":true,"href":"https:\/\/kybartai.lt\/lt_lt\/wp-json\/wp\/v2\/comments?post=2310"}],"version-history":[{"count":1,"href":"https:\/\/kybartai.lt\/lt_lt\/wp-json\/wp\/v2\/posts\/2310\/revisions"}],"predecessor-version":[{"id":2312,"href":"https:\/\/kybartai.lt\/lt_lt\/wp-json\/wp\/v2\/posts\/2310\/revisions\/2312"}],"wp:featuredmedia":[{"embeddable":true,"href":"https:\/\/kybartai.lt\/lt_lt\/wp-json\/wp\/v2\/media\/2311"}],"wp:attachment":[{"href":"https:\/\/kybartai.lt\/lt_lt\/wp-json\/wp\/v2\/media?parent=2310"}],"wp:term":[{"taxonomy":"category","embeddable":true,"href":"https:\/\/kybartai.lt\/lt_lt\/wp-json\/wp\/v2\/categories?post=2310"},{"taxonomy":"post_tag","embeddable":true,"href":"https:\/\/kybartai.lt\/lt_lt\/wp-json\/wp\/v2\/tags?post=2310"}],"curies":[{"name":"wp","href":"https:\/\/api.w.org\/{rel}","templated":true}]}}