{"id":2527,"date":"2020-07-07T10:44:22","date_gmt":"2020-07-07T07:44:22","guid":{"rendered":"http:\/\/kybartai.lt\/?p=2527"},"modified":"2020-07-07T10:44:24","modified_gmt":"2020-07-07T07:44:24","slug":"naujajai-gaisrinei-jau-vieneri","status":"publish","type":"post","link":"https:\/\/kybartai.lt\/lt_lt\/naujajai-gaisrinei-jau-vieneri\/","title":{"rendered":"Naujajai gaisrinei \u2013 jau vieneri"},"content":{"rendered":"\n<p><strong>Kybart\u0173 ugniagesiai neseniai pamin\u0117jo naujosios gaisrin\u0117s vieneri\u0173 met\u0173 gimtadien\u012f. Greta pastato buvo i\u0161kelta ministro dovanota v\u0117liava.<\/strong><\/p>\n\n\n\n<p>Vilkavi\u0161kio prie\u0161gaisrin\u0117s gelb\u0117jimo tarnybos (VPGT) Kybart\u0173 ugniagesi\u0173 komandos pastatas buvo atidarytas pernai, i\u0161kilm\u0117se gausiai dalyvaujant \u012fvairiems sve\u010diams. \u012e \u0161vent\u0119 atvyk\u0119s tuometinis vidaus reikal\u0173 ministras Eimutis Misi\u016bnas gaisrin\u0117s \u0161eimininkams \u012fkurtuvi\u0173 proga \u012fteik\u0117 simbolin\u0119 dovan\u0105 \u2013 Lietuvos istorin\u0119 v\u0117liav\u0105.\u00a0<br><br>Min\u0117dami pirm\u0105j\u012f gaisrin\u0117s gimtadien\u012f Kybart\u0173 ugniagesiai gelb\u0117tojai \u0161i\u0105 v\u0117liav\u0105 i\u0161kilmingai i\u0161k\u0117l\u0117.\u00a0<br><br>Kaip teig\u0117 VPGT vir\u0161ininkas Erlandas Armanavi\u010dius, ilgai prastomis s\u0105lygomis beveik avarin\u0117s b\u016bkl\u0117s pastate gyven\u0119 Kybart\u0173 ugniagesiai gelb\u0117tojai \u0161iuo metu turi geriausias darbo s\u0105lygas rajone, j\u0173 gaisrin\u0117 Lietuvoje naujausia. Patalpos erdvios, modernios ir \u0161iltos.\u00a0<br><br>\u012ekurtuvi\u0173 metu gelb\u0117tojai gavo ir prie\u0161gaisrin\u012f automobil\u012f \u201eIveco Magirus\u201c. Padovanota technika buvo devyneri\u0173 met\u0173 senumo, ta\u010diau \u0161iuo metu tai \u2013 naujausia Vilkavi\u0161kio rajono ugniagesi\u0173 turima autocisterna.\u00a0<br><br>\u201eSantakos\u201c inf.\u00a0<\/p>\n\n\n\n<p>Nuotr. Kybart\u0173 gaisrin\u0117s pirm\u0173j\u0173 metini\u0173 proga i\u0161kelta ministro dovanota Lietuvos v\u0117liava.<\/p>\n\n\n\n<p>Publikuota: \u201eSantaka\u201c, 2020-07-03.\u00a0<\/p>\n","protected":false},"excerpt":{"rendered":"<p>Kybart\u0173 ugniagesiai neseniai pamin\u0117jo naujosios gaisrin\u0117s vieneri\u0173 met\u0173 gimtadien\u012f. Greta pastato buvo i\u0161kelta ministro dovanota v\u0117liava. Vilkavi\u0161kio prie\u0161gaisrin\u0117s gelb\u0117jimo tarnybos (VPGT) Kybart\u0173 ugniagesi\u0173 komandos pastatas buvo atidarytas pernai, i\u0161kilm\u0117se gausiai<\/p>\n","protected":false},"author":3,"featured_media":2529,"comment_status":"closed","ping_status":"open","sticky":false,"template":"","format":"standard","meta":{"om_disable_all_campaigns":false,"_monsterinsights_skip_tracking":false,"_monsterinsights_sitenote_active":false,"_monsterinsights_sitenote_note":"","_monsterinsights_sitenote_category":0,"_uf_show_specific_survey":0,"_uf_disable_surveys":false,"footnotes":""},"categories":[3],"tags":[],"class_list":["post-2527","post","type-post","status-publish","format-standard","has-post-thumbnail","hentry","category-kybartai-spaudoje"],"aioseo_notices":[],"_links":{"self":[{"href":"https:\/\/kybartai.lt\/lt_lt\/wp-json\/wp\/v2\/posts\/2527","targetHints":{"allow":["GET"]}}],"collection":[{"href":"https:\/\/kybartai.lt\/lt_lt\/wp-json\/wp\/v2\/posts"}],"about":[{"href":"https:\/\/kybartai.lt\/lt_lt\/wp-json\/wp\/v2\/types\/post"}],"author":[{"embeddable":true,"href":"https:\/\/kybartai.lt\/lt_lt\/wp-json\/wp\/v2\/users\/3"}],"replies":[{"embeddable":true,"href":"https:\/\/kybartai.lt\/lt_lt\/wp-json\/wp\/v2\/comments?post=2527"}],"version-history":[{"count":1,"href":"https:\/\/kybartai.lt\/lt_lt\/wp-json\/wp\/v2\/posts\/2527\/revisions"}],"predecessor-version":[{"id":2528,"href":"https:\/\/kybartai.lt\/lt_lt\/wp-json\/wp\/v2\/posts\/2527\/revisions\/2528"}],"wp:featuredmedia":[{"embeddable":true,"href":"https:\/\/kybartai.lt\/lt_lt\/wp-json\/wp\/v2\/media\/2529"}],"wp:attachment":[{"href":"https:\/\/kybartai.lt\/lt_lt\/wp-json\/wp\/v2\/media?parent=2527"}],"wp:term":[{"taxonomy":"category","embeddable":true,"href":"https:\/\/kybartai.lt\/lt_lt\/wp-json\/wp\/v2\/categories?post=2527"},{"taxonomy":"post_tag","embeddable":true,"href":"https:\/\/kybartai.lt\/lt_lt\/wp-json\/wp\/v2\/tags?post=2527"}],"curies":[{"name":"wp","href":"https:\/\/api.w.org\/{rel}","templated":true}]}}