{"id":2708,"date":"2021-03-10T19:20:08","date_gmt":"2021-03-10T17:20:08","guid":{"rendered":"http:\/\/kybartai.lt\/?p=2708"},"modified":"2021-03-10T19:20:10","modified_gmt":"2021-03-10T17:20:10","slug":"seniunas-savo-darba-laiko-gyvenimo-budu","status":"publish","type":"post","link":"https:\/\/kybartai.lt\/lt_lt\/seniunas-savo-darba-laiko-gyvenimo-budu\/","title":{"rendered":"Seni\u016bnas savo darb\u0105 laiko gyvenimo b\u016bdu"},"content":{"rendered":"\n<p><strong>Rytoj, kovo 10 dien\u0105, Kybart\u0173 seni\u016bnas Romas \u0160UNOKAS \u0161v\u0119s \u0161e\u0161iasde\u0161imties met\u0173 jubiliej\u0173, o liepos m\u0117nes\u012f \u2013 seni\u016bnavimo de\u0161imtmet\u012f. Susitikome atvirai ir nuo\u0161ird\u017eiai pasikalb\u0117ti apie prab\u0117gusius metus, pom\u0117gius, gimtadienio planus.<\/strong><br><\/p>\n\n\n\n<p><em>\u2013 Sakykite, seni\u016bne, kokie Jums buvo tie \u0161e\u0161iasde\u0161imt met\u0173?<\/em>\u00a0<br><br>\u2013 Gal\u0117\u010diau sakyti, kad darbingi, ypa\u010d pastarasis de\u0161imtmetis. Galiu dr\u0105siai teigti, kad ne tik mano, bet ir koleg\u0173 mintys nuolat sukasi apie savas seni\u016bnijas, j\u0173 problemas ir d\u017eiaugsmus.\u00a0<br><br>Gyvenime tur\u0117jau daug galimybi\u0173 \u012fsitvirtinti kitose sferose. Buvau gav\u0119s ne vien\u0105 darbo pasi\u016blym\u0105. Po studij\u0173 Klaip\u0117dos konservatorijoje, kurioje baigiau rengini\u0173 organizavim\u0105 ir re\u017eis\u016br\u0105, gal\u0117jau likti d\u0117stytojauti. Manimi buvo susidom\u0117jusi ir tuometin\u0117 Vilniaus televizija, si\u016bl\u0117 vesti informacin\u0119 laid\u0105. Taip pat buvo pasi\u016blyta dirbti vadovaujam\u0105 darb\u0105 Taurag\u0117s kult\u016bros centre.\u00a0<br><br>Ta\u010diau gyvenimas susiklost\u0117 taip, kad likau gimtajame mieste ir esu tuo patenkintas. Man \u010dia smagu, jauku, a\u0161 nem\u0117gstu dideli\u0173 miest\u0173. Pasiklioviau savo nuojauta, kuri man\u0119s neapgavo.\u00a0<br><br><em>\u2013 \u012e kur\u012f gyvenimo period\u0105 nor\u0117tum\u0117te sugr\u012f\u017eti?<\/em>\u00a0<br><br>\u2013 Nem\u0117gstu dairytis atgal ir \u012f praeit\u012f sugr\u012f\u017eti nenor\u0117\u010diau. Man j\u0105 primena tik nuotrauk\u0173 albumai arba pokalbiai su draugais. Visada visiems kartoju, kad gyvenu \u0161ia diena. Labiausiai nenor\u0117\u010diau sugr\u012f\u017eti \u012f praradim\u0173 laikotarp\u012f, kada netekau t\u0117veli\u0173.\u00a0<br><br><em>\u2013 Esate i\u0161 dvyni\u0173, turite ses\u0119. Kaip manote, ar esate pana\u0161\u016bs?<\/em>\u00a0<br><br>\u2013 Juokauju, kad dalijant m\u016bs\u0173 metus pusiau, esame vos trisde\u0161imties. Sesuo Rima man vienas artimiausi\u0173 \u017emoni\u0173. Abu \u017einome, kad vienas kitam pad\u0117sime bet kokioje situacijoje, ta\u010diau esame labai skirtingi.\u00a0<br><br><em>\u2013 Esate meni\u0161kos sielos. Kod\u0117l nusprend\u0117te tapti valdininku?<\/em>\u00a0<br><br>\u2013 O kas pasak\u0117, kad menininkas negali dirbti tokio darbo? Daug \u017emoni\u0173 dirba ne pagal specialybes ir savo pareigas atlieka puikiai.\u00a0<br><br>Gyvenime man teko dirbti daug \u012fvairi\u0173 darb\u0173: gaminau baldus, siuvausi r\u016bbus, remontavau automobilius, dirbau Kybart\u0173 kult\u016bros namuose, Kybart\u0173 Kristijono Donelai\u010dio gimnazijoje \u0117jau direktoriaus pavaduotojo \u016bkiui pareigas, o galiausiai atsid\u016briau \u010dia. Konkurs\u0105 seni\u016bno pareigoms eiti laim\u0117jau i\u0161 tre\u010dio karto. Pirmus du kartus teko patirti pralaim\u0117jimo kart\u0117l\u012f, o tre\u010dias kartas buvo s\u0117kmingas. Konkursui ruo\u0161iausi labai atsakingai, gilinausi \u012f teis\u0117s aktus, perskai\u010diau \u0161\u016bsn\u012f dokument\u0173, \u012fd\u0117jau tikrai daug pastang\u0173.\u00a0<br><br>Kai prad\u0117jau eiti seni\u016bno pareigas, mano pagrindinis tikslas buvo suburti \u017emones d\u0117l miesto gerov\u0117s. Anks\u010diau \u017emon\u0117s kovodavo d\u0117l Kybart\u0173, dabar situacija kiek kitokia. Pasikeit\u0117 laikai, kartos. Visi labiau ie\u0161ko asmenin\u0117s naudos, sunkiai vienijasi d\u0117l bendro tikslo.\u00a0<br><br><em>\u2013 Seni\u016bnas esate jau beveik de\u0161imtmet\u012f. Ar yra dalyk\u0173, kuri\u0173 darbe nepavyko \u012fgyvendinti ir d\u0117l to sau neduodate ramyb\u0117s?<\/em>\u00a0<br><br>\u2013 Manau, jog \u012fgyvendinau daug tiksl\u0173, kuriuos buvau i\u0161sik\u0117l\u0119s. Buv\u0119s seni\u016bnas Audrius Balbierius buvo i\u0161k\u0117l\u0119s gana auk\u0161tai kartel\u0119. Man reik\u0117jo t\u0119sti jo prad\u0117tas veiklas: baigti Darvino gatv\u0117s, I. Levitano aik\u0161t\u0117s ir miesto parko rekonstrukcijos darbus.\u00a0<br><br>Daug smulki\u0173 darb\u0173, kuriuos atlieka seni\u016bnijos darbuotojai, gyventojai net nepastebi. Ar reikia juos visus skelbti vie\u0161oje erdv\u0117je ar socialiniuose tinkluose? Pasirodo, jog reikia. Gal tada gyventojai labiau \u012fvertins pastangas. Ne visus u\u017emojus pavyko \u012fgyvendinti d\u0117l finans\u0173 stokos.\u00a0<br><br>Kai dirbi valdininko darb\u0105, esi stebimas tarsi per didinam\u0105j\u012f stikl\u0105. Net i\u0161\u0117j\u0119s pasivaik\u0161\u010dioti da\u017enai negaliu atsipalaiduoti, nes akys u\u017ekli\u016bva u\u017e i\u0161kilusios plytel\u0117s, nul\u016b\u017eusios med\u017eio \u0161akos. Kartais u\u017epl\u016bsta \u012fvairios mintys. Pagalvoju, jog mieliau griov\u012f kas\u010diau ar dirb\u010diau kit\u0105 fizin\u012f darb\u0105 nei s\u0117d\u0117\u010diau \u0161ioje k\u0117d\u0117je.\u00a0<br><br>Gal kartais a\u0161 atrodau bejausmis ar abejingas, bet darbe privalau laikytis tvarkos, \u012fstatym\u0173 ir kai kuriems \u017emon\u0117ms tai sunkiai suprantama. D\u0117l to da\u017eniausiai ne tik a\u0161, bet ir dauguma seni\u016bn\u0173 yra \u201ekalami prie kry\u017eiaus\u201c.\u00a0<br><br><em>\u2013 Su kokiomis pagrindin\u0117mis problemomis \u012f Jus kreipiasi kybartie\u010diai?<\/em>\u00a0<br><br>\u2013 Viena i\u0161 did\u017eiausi\u0173 problem\u0173 \u2013 rom\u0173 integracija visuomen\u0117je. Jie turi gilias tradicijas, kuri\u0173 laikosi, tod\u0117l susitarti su jais da\u017enai b\u016bna sunku. Esu organizav\u0119s susitikim\u0105 su Tautini\u0173 ma\u017eum\u0173 departamento atstovais, kvie\u010diau Kybartuose gyvenan\u010dius romus ateiti ir pasikalb\u0117ti, bet situacija su jais sud\u0117tinga.\u00a0<br><br>Ne k\u0105 ma\u017eesn\u0117 problema, kuri\u0105 nuolat sprend\u017eiame, \u2013 keli\u0173 dangos keitimas. Mieste, vadinamojoje u\u017egel\u017ekel\u0117je, susib\u016brusios jaunos \u0161eimos inicijuoja gra\u017ei\u0173 id\u0117j\u0173. Susisiekiau su jomis, bandysime sumanymus \u012fgyvendinti. Prad\u017eioje \u012frengsime vaik\u0173 \u017eaidim\u0173 aik\u0161teles.\u00a0<br><br>\u017dmon\u0117s turi suprasti, kad ne tik a\u0161 miesto \u0161eimininkas, bet ir jie. Reikia puosel\u0117ti ir tausoti savo aplink\u0105. Kiekvien\u0105 kart\u0105, kai pro lang\u0105 pamatau prie atliek\u0173 konteineri\u0173 sukrautas automobili\u0173 padangas arba kitas \u0161iuk\u0161les, net kr\u016bpteliu. Netoliese yra stambiagabari\u010di\u0173 atliek\u0173 aik\u0161tel\u0117, ta\u010diau atrodo, kad kai kurie gyventojai \u0161iuk\u0161lina ty\u010dia.\u00a0<br><br>D\u017eiaugiuosi, jog turime saug\u0173 tranzitini\u0173 automobili\u0173 jud\u0117jim\u0105 per Kybart\u0173 miest\u0105. U\u017etikrinant gyventoj\u0173 rimt\u012f ir saugum\u0105, vilkikai stovi u\u017e Virbalio bei Kybart\u0173 miest\u0173 teritorij\u0173 rib\u0173. Ir taip yra ne tik per karantin\u0105, kuomet baiminamasi koronaviruso protr\u016bkio, bet nuolat. \u017dinau, kad aplinkiniai \u0161neka, jog reikia statyti papildom\u0105 palaukimo aik\u0161tel\u0119, ta\u010diau \u0161is si\u016blymas \u2013 utopija. Niekas nestatys naujos aik\u0161tel\u0117s d\u0117l to, kad kelis kartus per metus mieste susidaro vilkik\u0173 eil\u0117s.\u00a0<br><br>\u0160iuo metu pagrindinis mano tikslas \u2013 kad prie\u0161 kelias savaites sudeg\u0119s namas netapt\u0173 dar vienu miesto vaiduokliu, tod\u0117l ne tik seni\u016bnija, bet ir kitos institucijos deda visas pastangas, kad b\u016bt\u0173 atstatytas namo stogas.\u00a0<br><br><em>\u2013 Da\u017enai \u012f rankas imate mikrofon\u0105, vedate renginius, dainuojate. Ar nekilo min\u010di\u0173 \u012fsitvirtinti kult\u016brin\u0117je veikoje?<\/em>\u00a0<br><br>\u2013 Taip, ne kart\u0105 teko vesti \u012fvairius renginius, dainuoti. Jaunyst\u0117je s\u0105junginiame poilsio vakar\u0173 ved\u0117j\u0173 konkurse buvau papuol\u0119s \u012f geriausi\u0173j\u0173 de\u0161imtuk\u0105. \u0160is \u012fvertinimas ir patirtis man labai svarb\u016bs.\u00a0<br><br>A\u0161 penkiolika savo gyvenimo met\u0173 atidaviau muzikai. \u0160i veikla buvo skirta asmeninei savirai\u0161kai. Jeigu dabar imu \u012f rankas mikrofon\u0105, atlieku tik savo k\u016brybos dainas. Turb\u016bt \u0161\u012f pom\u0117g\u012f paveld\u0117jau i\u0161 t\u0117v\u0173, nes jie buvo labai dainingi \u017emon\u0117s. Pernai kartu su sese i\u0161 prodiuseri\u0173 gavome pasi\u016blym\u0105 dalyvauti televizijos projekte \u201eDu balsai \u2013 viena \u0161irdis\u201c, ta\u010diau nesutikau. Tam reikia skirti daug laiko, b\u016bti geros muzikin\u0117s formos, negalima \u012f scen\u0105 lipti ir pasirodyti netinkamai.\u00a0<br><br><em>\u2013 Kaip leid\u017eiate laisvalaik\u012f?<\/em>\u00a0<br><br>\u2013 Mano silpnyb\u0117 \u2013 \u012fvairi\u0173 form\u0173 akmenys su nat\u016braliai pasidariusiomis skyl\u0117mis. Juos vadinu laim\u0117s amuletais. Kai nuva\u017eiuoju prie j\u016bros, jos prakti\u0161kai nematau \u2013 dairausi akmen\u0173. Taip nueinu ne vien\u0105 de\u0161imt\u012f kilometr\u0173. V\u0117liau i\u0161 j\u0173 darau \u012fvairius dirbinius su med\u017eiu, reljefinius paveikslus.\u00a0<br><br>Esu sureng\u0119s kelias savo k\u016brini\u0173 parodas. Daug savo darb\u0173 esu padovanoj\u0119s, kelet\u0105 pardav\u0119s. \u017di\u016br\u0117damas \u012f mano k\u016brin\u012f kiekvienas j\u012f interpretuoja savaip, gal d\u0117l to jie patinka \u017emon\u0117ms. Dirbti su med\u017eiu man patinka. Man tai \u2013 atitr\u016bkimas nuo kasdienyb\u0117s, kitokia veikla, nei dirbu dienomis.\u00a0<br><br>Taip pat m\u0117gstu aktyv\u0173 laisvalaik\u012f, sport\u0105. M\u0117gstu vaik\u0161\u010dioti, neseniai \u012fsigijau geresn\u012f dvirat\u012f. Jaunyst\u0117je \u017eaid\u017eiau tenis\u0105, planuoju gr\u012f\u017eti prie \u0161ios sportin\u0117s veiklos. Gimtadienio proga planuoju sau pasidovanoti irklent\u0119.\u00a0<br><br><em>\u2013 Kaip planuojate pamin\u0117ti jubiliej\u0173?<\/em>\u00a0<br><br>\u2013 \u0160v\u0119sti neplanuoju, \u0161iuo metu net negalima. Nem\u0117gstu, kai man skiriama daug d\u0117mesio. Ne mane \u017emon\u0117s tur\u0117t\u0173 sveikinti, o a\u0161 juos. Tik aplink gyvenan\u010di\u0173 \u017emoni\u0173, draug\u0173 d\u0117ka esu toks, koks esu. Nor\u0117\u010diau susitikti su visais ir pad\u0117koti jiems u\u017e tai.\u00a0<br><br><em>\u2013 Ko sau palink\u0117tum\u0117te gimtadienio proga?<\/em>\u00a0<br><br>\u2013 Nor\u0117\u010diau, kad gyvenimas neblog\u0117t\u0173 ir viskas i\u0161likt\u0173 taip, kaip yra dabar. Tai vienintelis mano noras.<\/p>\n\n\n\n<p><em>Toma BIR\u0160TON\u0116<\/em><\/p>\n\n\n\n<p><strong>Autor\u0117s nuotr.<\/strong> Romas \u0160unokas \u0161v\u0119s tiek asmenin\u012f, tiek seni\u016bnavimo jubiliejus.<\/p>\n\n\n\n<figure class=\"wp-block-image size-large\"><img loading=\"lazy\" decoding=\"async\" width=\"900\" height=\"614\" src=\"http:\/\/kybartai.lt\/wp-content\/uploads\/2021\/03\/Santaka-20210309-Sunokas-2.jpg\" alt=\"\" class=\"wp-image-2710\" srcset=\"https:\/\/kybartai.lt\/wp-content\/uploads\/2021\/03\/Santaka-20210309-Sunokas-2.jpg 900w, https:\/\/kybartai.lt\/wp-content\/uploads\/2021\/03\/Santaka-20210309-Sunokas-2-300x205.jpg 300w, https:\/\/kybartai.lt\/wp-content\/uploads\/2021\/03\/Santaka-20210309-Sunokas-2-768x524.jpg 768w\" sizes=\"auto, (max-width: 900px) 100vw, 900px\" \/><figcaption>Laisvalaik\u012f seni\u016bnas skiria originaliems akmens ir med\u017eio dirbiniams.<br> Romo \u0160UNOKO nuotr.<\/figcaption><\/figure>\n\n\n\n<p>Publikuota: &#8222;Santaka&#8221;, 2021-03-09.<\/p>\n","protected":false},"excerpt":{"rendered":"<p>Rytoj, kovo 10 dien\u0105, Kybart\u0173 seni\u016bnas Romas \u0160UNOKAS \u0161v\u0119s \u0161e\u0161iasde\u0161imties met\u0173 jubiliej\u0173, o liepos m\u0117nes\u012f \u2013 seni\u016bnavimo de\u0161imtmet\u012f. Susitikome atvirai ir nuo\u0161ird\u017eiai pasikalb\u0117ti apie prab\u0117gusius metus, pom\u0117gius, gimtadienio planus. \u2013<\/p>\n","protected":false},"author":3,"featured_media":2709,"comment_status":"closed","ping_status":"open","sticky":false,"template":"","format":"standard","meta":{"om_disable_all_campaigns":false,"_monsterinsights_skip_tracking":false,"_monsterinsights_sitenote_active":false,"_monsterinsights_sitenote_note":"","_monsterinsights_sitenote_category":0,"_uf_show_specific_survey":0,"_uf_disable_surveys":false,"footnotes":""},"categories":[3,64],"tags":[],"class_list":["post-2708","post","type-post","status-publish","format-standard","has-post-thumbnail","hentry","category-kybartai-spaudoje","category-kybartiniai"],"aioseo_notices":[],"_links":{"self":[{"href":"https:\/\/kybartai.lt\/lt_lt\/wp-json\/wp\/v2\/posts\/2708","targetHints":{"allow":["GET"]}}],"collection":[{"href":"https:\/\/kybartai.lt\/lt_lt\/wp-json\/wp\/v2\/posts"}],"about":[{"href":"https:\/\/kybartai.lt\/lt_lt\/wp-json\/wp\/v2\/types\/post"}],"author":[{"embeddable":true,"href":"https:\/\/kybartai.lt\/lt_lt\/wp-json\/wp\/v2\/users\/3"}],"replies":[{"embeddable":true,"href":"https:\/\/kybartai.lt\/lt_lt\/wp-json\/wp\/v2\/comments?post=2708"}],"version-history":[{"count":1,"href":"https:\/\/kybartai.lt\/lt_lt\/wp-json\/wp\/v2\/posts\/2708\/revisions"}],"predecessor-version":[{"id":2711,"href":"https:\/\/kybartai.lt\/lt_lt\/wp-json\/wp\/v2\/posts\/2708\/revisions\/2711"}],"wp:featuredmedia":[{"embeddable":true,"href":"https:\/\/kybartai.lt\/lt_lt\/wp-json\/wp\/v2\/media\/2709"}],"wp:attachment":[{"href":"https:\/\/kybartai.lt\/lt_lt\/wp-json\/wp\/v2\/media?parent=2708"}],"wp:term":[{"taxonomy":"category","embeddable":true,"href":"https:\/\/kybartai.lt\/lt_lt\/wp-json\/wp\/v2\/categories?post=2708"},{"taxonomy":"post_tag","embeddable":true,"href":"https:\/\/kybartai.lt\/lt_lt\/wp-json\/wp\/v2\/tags?post=2708"}],"curies":[{"name":"wp","href":"https:\/\/api.w.org\/{rel}","templated":true}]}}