{"id":2807,"date":"2021-08-13T11:41:43","date_gmt":"2021-08-13T08:41:43","guid":{"rendered":"https:\/\/kybartai.lt\/?p=2807"},"modified":"2021-08-13T11:49:16","modified_gmt":"2021-08-13T08:49:16","slug":"iprasmino-holokausto-okupaciju-skausma","status":"publish","type":"post","link":"https:\/\/kybartai.lt\/lt_lt\/iprasmino-holokausto-okupaciju-skausma\/","title":{"rendered":"\u012eprasmino Holokausto, okupacij\u0173 skausm\u0105"},"content":{"rendered":"\n<p><strong>Liepos 30-osios popiet\u0119 Kybart\u0173 Eucharistinio I\u0161ganytojo parapijos sal\u0117je \u012fvyko Pasaulio kybartie\u010di\u0173 draugijos organizuoto tapybos plenero \u201eI\u0161gyvenimai tarp tremties ir Holokausto: skausmo ir vilties atmintis\u201d u\u017edarymas. Renginio metu su Kybart\u0173 miestu susij\u0119 dailininkai pristat\u0117 savo eksponuojam\u0173 darb\u0173 koncepcijas, buvo prisiminta Antrojo pasaulinio karo istorija bei dalintasi skaud\u017eiais prisiminimais.<\/strong><br><br><strong><em>Siek\u0117 \u012fam\u017einti istorij\u0105&nbsp;<br><\/em><\/strong><br>Plenero id\u0117jos autorius bei iniciatorius, Pasaulio kybartie\u010di\u0173 draugijos (PKD) pirmininkas prof. dr. Vytautas \u0160lapkauskas rengin\u012f prad\u0117jo susirinkusiesiems primindamas tragi\u0161kus Lietuvos istorijos \u012fvykius. Prie\u0161 80 met\u0173, 1941-\u0173j\u0173 liepos 26\u201328 dienomis, Kybart\u0173 sm\u0117lyne buvo su\u0161audyta 300 \u017emoni\u0173, tarp kuri\u0173 \u2013 ne vien \u017eydai, bet taip pat ir lietuviai bei kit\u0173 tautybi\u0173 atstovai.&nbsp;<br><br>Penktajame de\u0161imtmetyje Lietuv\u0105 u\u017eklupo dvi okupacijos bei reokupacija, kurias lyd\u0117jo tr\u0117mimai ir \u017eudyn\u0117s, at\u0117m\u0119 ne vien\u0105 t\u016bkstant\u012f gyvybi\u0173. B\u016btent \u0161iam skaud\u017eiam istorijos etapui atminti Pasaulio kybartie\u010di\u0173 draugija \u0161iemet nusprend\u0117 surengti tapybos plener\u0105.&nbsp;<br><br>Savo k\u016brinius parodai pateik\u0117 ne tik Kybart\u0173 kult\u016bros centro men\u0173 studijos \u201eSmiltys\u201c atstov\u0117s Au\u0161rin\u0117 Dubauskien\u0117, Ilona Mikalainien\u0117, Irena \u0160unokien\u0117 bei Irena Abraitien\u0117, bet ir prie j\u0173 prisijung\u0119 m\u016bs\u0173 rajono menininkai Audron\u0117 Gurinskien\u0117, Alvydas Dirs\u0117 bei Vilniuje gyvenanti kybartiet\u0117 Teres\u0117 Juod\u0117nien\u0117.&nbsp;<br><br>Tai jau antrasis PKD organizuotas tapybos pleneras. Pirmasis buvo pristatytas pernai, tada plenero dalyviai drob\u0117je siek\u0117 \u012fprasminti prie\u0161kario Kybart\u0173 istorij\u0105.&nbsp;<br><br><strong><em>Dalijosi skaud\u017eiais prisiminimais<\/em><\/strong>&nbsp;<br><br>Savo darbus pristatin\u0117j\u0119 dailininkai atskleid\u0117 asmeninius istorijos interpretavimo motyvus. Vieni i\u0161 j\u0173 steng\u0117si tapybi\u0161kai tiksliai atvaizduoti kraupius Holokausto arba trem\u010di\u0173 \u012fvykius, kiti id\u0117jas drob\u0117je perteikti siek\u0117 netiesiogiai.&nbsp;<br><br>\u2013 A\u0161 nenor\u0117jau skausmo vaizduoti atvirai. Naudojau simboli\u0173 kalb\u0105 ir m\u0105s\u010diau apie to laikotarpio \u017emogaus jausmus ir emocijas, \u2013 apie savo tapytas lelijas kalb\u0117jo pedagog\u0117 A. Gurinskien\u0117.&nbsp;<br><br>Kita meninink\u0117 T. Juod\u0117nien\u0117, parodai pateikusi i\u0161 Kybart\u0173 kilusios \u017eyd\u0173 kilm\u0117s gravi\u016bros meistr\u0117s Cecil\u0117s Reims portret\u0105, teig\u0117 itin \u017eav\u0117jusis \u0161ia asmenybe ir siekusi \u201ekiekvien\u0105 rauk\u0161lel\u0119 pavaizduoti su emocija\u201c. Dailinink\u0117s manymu, portrete itin svarbu perteikti ne tik i\u0161orin\u012f \u017emogaus gro\u017e\u012f, bet ir atspind\u0117ti vidin\u012f pasaul\u012f, o \u0161is \u017eanras taip pat padeda i\u0161saugoti svarbi\u0173 asmenybi\u0173 atminim\u0105 bei skleisti apie jas \u017eini\u0105.&nbsp;<br><br>\u2013 Su\u017einojusi plenero tem\u0105 ne juokais susikrimtau. Mano artimieji gyveno tremtyje, o ir pati ten gimiau. Buvo labai sunku prisiliesti prie \u0161ios temos, \u2013 patirtimi dalijosi pedagog\u0117 I. \u0160unokien\u0117, drob\u0117je vaizdavusi gyvulin\u012f vagon\u0105 bei gele\u017einkelio b\u0117giais sav\u0105j\u012f gyvenimo kry\u017ei\u0173 tempian\u010dius tremtinius.&nbsp;<br><br><strong><em>Jausmus perk\u0117l\u0117 \u012f drob\u0119<\/em><\/strong>&nbsp;<br><br>Sud\u0117tingi i\u0161gyvenimai k\u016brybiniame procese u\u017eklupo ir I. Mikalainien\u0119. Moteris pripa\u017eino, jog jai ne\u012fprasta tapyti tokio \u017eanro darbus, kadangi da\u017eniausiai jos k\u016briniai \u2013 \u0161vies\u016bs, \u017eaismingi, tod\u0117l, kaip ir I. \u0160unokien\u0117, tur\u0117jo \u012fveikti stipr\u0173 emocin\u012f kr\u016bv\u012f.&nbsp;<br><br>Pana\u0161iomis jausenomis dalijosi ir I. Abraitien\u0117, kuri\u0105 darb\u0105 sukurti \u012fkv\u0117p\u0117 \u017ei\u016br\u0117tas filmas. Nors nei moteriai, nei jos artimiesiems su trem\u010di\u0173 siaubu susidurti neteko, meninink\u0117 itin jautriai i\u0161gyveno \u0161i\u0105 tem\u0105, o nutapytas k\u016brinys kur\u012f laik\u0105 j\u0105 vert\u0117 jaustis neramiai.&nbsp;<br><br>Viena i\u0161 plenero organizatori\u0173, men\u0173 studijos \u201eSmiltys\u201c vadov\u0117 A. Dubauskien\u0117 teig\u0117, jog kurdama stengiasi kalb\u0117ti su savimi, kelti \u012fvairius klausimus ir ie\u0161koti \u012f juos atsakym\u0173, o \u0161\u012f m\u0105stymo proces\u0105 perkelti \u012f drob\u0119.&nbsp;<br><br>Pad\u0117koti plenero dalyviams ir organizatoriams bei \u012fteikti simbolines dovanas atvyko rajono meras Algirdas Neiberka bei Savivaldyb\u0117s administracijos direktoriaus pavaduotoja Daiva Riklien\u0117.&nbsp;<br><br>Prof. dr. V. \u0160lapkauskas d\u0117kojo visiems menininkams, savo talentu prasmingai prisid\u0117jusiems prie plenero \u012fgyvendinimo, ir i\u0161rei\u0161k\u0117 vilt\u012f, jog tokie kraup\u016bs istoriniai \u012fvykiai, kaip tremtis ar Holokaustas, niekada nebepasikartos.&nbsp;<\/p>\n\n\n\n<p><img loading=\"lazy\" decoding=\"async\" width=\"500\" height=\"345\" class=\"wp-image-2808\" style=\"width: 500px;\" src=\"https:\/\/kybartai.lt\/wp-content\/uploads\/2021\/08\/Screenshot-2021-08-13-at-11.33.49.png\" alt=\"\" srcset=\"https:\/\/kybartai.lt\/wp-content\/uploads\/2021\/08\/Screenshot-2021-08-13-at-11.33.49.png 922w, https:\/\/kybartai.lt\/wp-content\/uploads\/2021\/08\/Screenshot-2021-08-13-at-11.33.49-300x207.png 300w, https:\/\/kybartai.lt\/wp-content\/uploads\/2021\/08\/Screenshot-2021-08-13-at-11.33.49-768x530.png 768w\" sizes=\"auto, (max-width: 500px) 100vw, 500px\" \/> <\/p>\n\n\n\n<p><\/p>\n\n\n\n<p><img loading=\"lazy\" decoding=\"async\" width=\"500\" height=\"349\" class=\"wp-image-2809\" style=\"width: 500px;\" src=\"https:\/\/kybartai.lt\/wp-content\/uploads\/2021\/08\/Screenshot-2021-08-13-at-11.38.33.png\" alt=\"\" srcset=\"https:\/\/kybartai.lt\/wp-content\/uploads\/2021\/08\/Screenshot-2021-08-13-at-11.38.33.png 910w, https:\/\/kybartai.lt\/wp-content\/uploads\/2021\/08\/Screenshot-2021-08-13-at-11.38.33-300x210.png 300w, https:\/\/kybartai.lt\/wp-content\/uploads\/2021\/08\/Screenshot-2021-08-13-at-11.38.33-768x537.png 768w\" sizes=\"auto, (max-width: 500px) 100vw, 500px\" \/><\/p>\n\n\n\n<p>Lukas RAKAUSKAS&nbsp;<\/p>\n\n\n\n<p><strong>Autoriaus nuotr.<\/strong> Tapybos plenero u\u017edarymo \u0161vent\u0117je menininkus sveikino rajono vadovai.<\/p>\n\n\n\n<p>Publikuota: &#8222;Santaka&#8221;, 2021-08-06.<\/p>\n","protected":false},"excerpt":{"rendered":"<p>Liepos 30-osios popiet\u0119 Kybart\u0173 Eucharistinio I\u0161ganytojo parapijos sal\u0117je \u012fvyko Pasaulio kybartie\u010di\u0173 draugijos organizuoto tapybos plenero \u201eI\u0161gyvenimai tarp tremties ir Holokausto: skausmo ir vilties atmintis\u201d u\u017edarymas. Renginio metu su Kybart\u0173 miestu<\/p>\n","protected":false},"author":3,"featured_media":2810,"comment_status":"closed","ping_status":"open","sticky":false,"template":"","format":"standard","meta":{"om_disable_all_campaigns":false,"_monsterinsights_skip_tracking":false,"_monsterinsights_sitenote_active":false,"_monsterinsights_sitenote_note":"","_monsterinsights_sitenote_category":0,"_uf_show_specific_survey":0,"_uf_disable_surveys":false,"footnotes":""},"categories":[3,19],"tags":[],"class_list":["post-2807","post","type-post","status-publish","format-standard","has-post-thumbnail","hentry","category-kybartai-spaudoje","category-pasaulio-kybartieciu-draugija"],"aioseo_notices":[],"_links":{"self":[{"href":"https:\/\/kybartai.lt\/lt_lt\/wp-json\/wp\/v2\/posts\/2807","targetHints":{"allow":["GET"]}}],"collection":[{"href":"https:\/\/kybartai.lt\/lt_lt\/wp-json\/wp\/v2\/posts"}],"about":[{"href":"https:\/\/kybartai.lt\/lt_lt\/wp-json\/wp\/v2\/types\/post"}],"author":[{"embeddable":true,"href":"https:\/\/kybartai.lt\/lt_lt\/wp-json\/wp\/v2\/users\/3"}],"replies":[{"embeddable":true,"href":"https:\/\/kybartai.lt\/lt_lt\/wp-json\/wp\/v2\/comments?post=2807"}],"version-history":[{"count":4,"href":"https:\/\/kybartai.lt\/lt_lt\/wp-json\/wp\/v2\/posts\/2807\/revisions"}],"predecessor-version":[{"id":2814,"href":"https:\/\/kybartai.lt\/lt_lt\/wp-json\/wp\/v2\/posts\/2807\/revisions\/2814"}],"wp:featuredmedia":[{"embeddable":true,"href":"https:\/\/kybartai.lt\/lt_lt\/wp-json\/wp\/v2\/media\/2810"}],"wp:attachment":[{"href":"https:\/\/kybartai.lt\/lt_lt\/wp-json\/wp\/v2\/media?parent=2807"}],"wp:term":[{"taxonomy":"category","embeddable":true,"href":"https:\/\/kybartai.lt\/lt_lt\/wp-json\/wp\/v2\/categories?post=2807"},{"taxonomy":"post_tag","embeddable":true,"href":"https:\/\/kybartai.lt\/lt_lt\/wp-json\/wp\/v2\/tags?post=2807"}],"curies":[{"name":"wp","href":"https:\/\/api.w.org\/{rel}","templated":true}]}}