{"id":2879,"date":"2021-10-28T10:09:30","date_gmt":"2021-10-28T07:09:30","guid":{"rendered":"https:\/\/kybartai.lt\/?p=2879"},"modified":"2021-10-28T10:31:08","modified_gmt":"2021-10-28T07:31:08","slug":"pandemija-nenutilde-o-ateities-darbus-jau-delioja-nauja-pirmininke","status":"publish","type":"post","link":"https:\/\/kybartai.lt\/lt_lt\/pandemija-nenutilde-o-ateities-darbus-jau-delioja-nauja-pirmininke\/","title":{"rendered":"Ateities darbus jau d\u0117lioja nauja pirminink\u0117"},"content":{"rendered":"\n<p>Pasaul\u012f u\u017eklupusi pandemija pakoregavo gyvenimo temp\u0105, ta\u010diau net i\u0161\u0161\u016bki\u0173 kupini metai nesustabd\u0117 Pasaulio kybartie\u010di\u0173 draugijos (PKD) veiklos. Spalio prad\u017eioje Draugija v\u0117l sukviet\u0117 bendra\u017eygius, narius ir palaikan\u010dius bendras id\u0117jas susitikti Kybartuose.<\/p>\n\n\n\n<p>Nors pandemija neleido \u012fgyvendinti vis\u0173 numatyt\u0173 plan\u0173, ta\u010diau veiklos netr\u016bko ir ji buvo aptarta visuotiniame nari\u0173 susirinkime. Situacija i\u0161mok\u0117 dirbti ir bendrauti nuotoliniu b\u016bdu, o Draugija seniai turi patirt\u012f vienyti ne tik po \u0161al\u012f, bet ir pasaulyje i\u0161sibars\u010diusius narius. Ir \u0161\u012f kart\u0105 susirinkime nuotoliniu b\u016bdu dalyvavo nariai ir i\u0161 Jungtini\u0173 Amerikos Valstij\u0173 (JAV), ir i\u0161 Vilniaus.<\/p>\n\n\n\n<p>Ta\u010diau tai nesutrukd\u0117 ne tik atnaujinti Draugijos paj\u0117gas, bet ir pasidalyti artimiausios veiklos planais bei id\u0117jomis. Kiti metai \u2013 Draugijai ypatingi \u2013 sukaks penkiolika met\u0173 nuo PKD \u012fk\u016brimo dienos.<\/p>\n\n\n\n<p>Art\u0117jan\u010di\u0105 sukakt\u012f Draugija pasitiks atsinaujinusi: Valdybos gretas papild\u0117 nauji nariai, o prie vairo stojo nauja vedl\u0117 \u2013 i\u0161 Kybart\u0173 kilusi vaik\u0173 ra\u0161ytoja, Lietuvos moksl\u0173 akademijos (LMA) skyriaus \u201eMokslinink\u0173 r\u016bmai\u201c vyr. specialist\u0117 Diana Vai\u010daityt\u0117-Lekevi\u010dien\u0117.<\/p>\n\n\n\n<p>Draugijos vair\u0105 D.Lekevi\u010dien\u0117 per\u0117m\u0117 i\u0161 profesoriaus, edukologo Vytauto \u0160lapkausko, kuris toliau kartu dirbs Valdyboje. Kartu su juo \u012f Draugijos valdyb\u0105 i\u0161rinkti: buv\u0119s ilgametis Draugijos pirmininkas Leonas Narbutis, akademikas, Lietuvos mokslo tarybos pirmininkas Romas Baronas, verslininkas Rimas Sabaliauskas, \u016bkininkas Robertas Mickevi\u010dius, Kybart\u0173 pa\u0161to skyriaus vir\u0161inink\u0117 Jolita Ramanauskien\u0117, naujien\u0173 portalo lrytas.lt redaktoriaus pavaduotoja Greta Ali\u0161auskait\u0117-Bagu\u0161auskien\u0117, Kybart\u0173 Kristijono Donelai\u010dio gimnazijos direktoriaus pavaduotoja ugdymui Jolanta Janulaityt\u0117 ir prie Draugijos veiklos v\u0117l prisijung\u0119s JAV gyvenantis kybartietis, IT specialistas Marius Vilemaitis.<\/p>\n\n\n\n<figure class=\"wp-block-gallery columns-2 is-cropped wp-block-gallery-1 is-layout-flex wp-block-gallery-is-layout-flex\"><ul class=\"blocks-gallery-grid\"><li class=\"blocks-gallery-item\"><figure><img loading=\"lazy\" decoding=\"async\" width=\"1024\" height=\"678\" src=\"https:\/\/kybartai.lt\/wp-content\/uploads\/2021\/10\/DSC_0100-1024x678.jpg\" alt=\"\" data-id=\"2881\" data-full-url=\"https:\/\/kybartai.lt\/wp-content\/uploads\/2021\/10\/DSC_0100.jpg\" data-link=\"https:\/\/kybartai.lt\/?attachment_id=2881\" class=\"wp-image-2881\" srcset=\"https:\/\/kybartai.lt\/wp-content\/uploads\/2021\/10\/DSC_0100-1024x678.jpg 1024w, https:\/\/kybartai.lt\/wp-content\/uploads\/2021\/10\/DSC_0100-300x199.jpg 300w, https:\/\/kybartai.lt\/wp-content\/uploads\/2021\/10\/DSC_0100-768x509.jpg 768w, https:\/\/kybartai.lt\/wp-content\/uploads\/2021\/10\/DSC_0100-1536x1017.jpg 1536w, https:\/\/kybartai.lt\/wp-content\/uploads\/2021\/10\/DSC_0100-2048x1356.jpg 2048w\" sizes=\"auto, (max-width: 1024px) 100vw, 1024px\" \/><\/figure><\/li><li class=\"blocks-gallery-item\"><figure><img loading=\"lazy\" decoding=\"async\" width=\"1024\" height=\"678\" src=\"https:\/\/kybartai.lt\/wp-content\/uploads\/2021\/10\/DSC_0053-1024x678.jpg\" alt=\"\" data-id=\"2882\" data-full-url=\"https:\/\/kybartai.lt\/wp-content\/uploads\/2021\/10\/DSC_0053.jpg\" data-link=\"https:\/\/kybartai.lt\/?attachment_id=2882\" class=\"wp-image-2882\" srcset=\"https:\/\/kybartai.lt\/wp-content\/uploads\/2021\/10\/DSC_0053-1024x678.jpg 1024w, https:\/\/kybartai.lt\/wp-content\/uploads\/2021\/10\/DSC_0053-300x199.jpg 300w, https:\/\/kybartai.lt\/wp-content\/uploads\/2021\/10\/DSC_0053-768x509.jpg 768w, https:\/\/kybartai.lt\/wp-content\/uploads\/2021\/10\/DSC_0053-1536x1017.jpg 1536w, https:\/\/kybartai.lt\/wp-content\/uploads\/2021\/10\/DSC_0053-2048x1356.jpg 2048w\" sizes=\"auto, (max-width: 1024px) 100vw, 1024px\" \/><\/figure><\/li><\/ul><\/figure>\n\n\n\n<p><strong>Ne tik id\u0117jos, bet ir darbai<\/strong><\/p>\n\n\n\n<p>Prab\u0117g\u0119 pastarieji metai privert\u0117 susitelkti, bet nesu\u017elugd\u0117 ilgai planuot\u0173 veikl\u0173. Draugija kartu su Vilkavi\u0161kio rajono savivaldybe ir iniciatyvine grupe Vilkavi\u0161kio rajone organizavo rengini\u0173 cikl\u0105, skirt\u0105 tremties ir holokausto prad\u017eios Lietuvoje 80-me\u010diui pamin\u0117ti. Taip pat buvo surengtas tapybos pleneras \u201eI\u0161gyvenimai tarp tremties ir holokausto: skausmo ir vilties atmintis\u201c.<\/p>\n\n\n\n<p>Kybart\u0173 gimnazistams PKD mokslinink\u0173 fondo nariai paskyr\u0117 tradicin\u0117mis tapusias premijas, \u0161\u012fkart 6 mokiniams. Minint kybartie\u010dio dailininko animatoriaus Zenono \u0160teinio 75-\u0105sias gimimo metines, PKD pakviesti, Kybartuose vie\u0161\u0117jo ir animacijos dirbtuves sureng\u0117 buv\u0119 Zenono kolegos \u2013 vilni\u0161kiai animatoriai Valentas A\u0161kinis ir J\u016brat\u0117 Leikait\u0117. J\u0173 padedami apie 40 kybartie\u010di\u0173 (men\u0173 studijos \u201eSmiltys\u201c nar\u0117s, gimnazistai ir j\u0173 pedagog\u0117s, Kybart\u0173 vaik\u0173 dienos centro vaikai su savo vadov\u0117mis, \u0161eimos) vis\u0105 dien\u0105 pie\u0161\u0117, kopijavo ir spalvino \u2013 <a href=\"https:\/\/www.youtube.com\/watch?v=rc5eht2rmGw\">k\u016br\u0117 film\u0105 apie Kybart\u0173 daktar\u0105 Tom\u0105 \u0160neider\u0173<\/a> (1860-1936) ir jo nepaprast\u0105 Katin\u0105.  Animatoriai taip pat buvo atve\u017e\u0119 Z.\u0160teinio karikat\u016br\u0173 parod\u0105 (vyko vis\u0105 m\u0117nes\u012f) ir visus Z.\u0160teinio sukurtus filmukus. <\/p>\n\n\n\n<p>Kiekvienam po dalel\u0119 Kybart\u0173 \u012f kit\u0105 rajono, Lietuvos pus\u0119 ar net u\u017e Atlanto pasiunt\u0117 PKD, prista\u010diusi pagal plenero tapytoj\u0173 darbus sukurt\u0105 2021 met\u0173 Kybart\u0173 kalendori\u0173. Plener\u0105 organizavusi Draugija sukviet\u0117 Kybartuose gimusius, gyvenan\u010dius arba po pasaul\u012f pasklidusius dailininkus savo drob\u0117se \u012fam\u017einti gimtin\u0117s gro\u017e\u012f. V\u0117liau \u0161ie darbai ir sugul\u0117 \u012f kalendori\u0173.<\/p>\n\n\n\n<p>Taip pat buvo surengti du konkursai: \u201eEtno \u017eaisl\u0105 gaminu pats: m\u016bs\u0173 seneli\u0173 ir proseneli\u0173 \u017eaislai\u201c ir \u201eSen\u0173 nam\u0173 istorijos\u201c. Tai vos keli darbai, kuriuos mat\u0117 ir kuriuose dalyvavo Kybart\u0173 kra\u0161to \u017emon\u0117s.<\/p>\n\n\n\n<p>Ateities planuose jau sugul\u0117 kybartie\u010diams darb\u0173 pluo\u0161tas: i\u0161kili\u0173 asmenybi\u0173 bei miestui svarbi\u0173 istorini\u0173 \u012fvyki\u0173 sukak\u010di\u0173 min\u0117jimai, leidini\u0173 rengimas ir leidyba.<\/p>\n\n\n\n<p><strong>Teko pad\u0117ti ta\u0161k\u0105<\/strong><\/p>\n\n\n\n<p>Nuolatinis draugijos susirinkim\u0173 d\u0117mesio centre buv\u0119s klausimas d\u0117l J.Basanavi\u010diaus g. 38 stovin\u010dio pastato aptartas bene paskutin\u012f kart\u0105.<\/p>\n\n\n\n<p>Daugiau nei prie\u0161 de\u0161imtmet\u012f gri\u016bvan\u010dio istorinio pastato problem\u0105 \u0117m\u0117si spr\u0119sti Draugija. Tuomet ji \u012fsigijo kelet\u0105 name esan\u010di\u0173 but\u0173, \u0117m\u0117 valdyti nema\u017e\u0105 dal\u012f namo. Draugijos nariai rinko l\u0117\u0161as apleistam pastatui sutvarkyti, reng\u0117 projektus, konsultavosi su specialistais, ta\u010diau to nepakako, kad problema b\u016bt\u0173 i\u0161spr\u0119sta.<\/p>\n\n\n\n<p>Ne visi miesto gyventojai \u017eino, kad pastat\u0105 apleid\u0119 savininkai visi\u0161kai juo nesidom\u0117jo ir visais b\u016bdais veng\u0117 atsakomyb\u0117s. Galutin\u012f sprendim\u0105 teko priimti PKD \u2013 2020 m. Valdyba nusprend\u0117 name tur\u0117tus butus perleisti.<\/p>\n\n\n\n<p>D\u0117l to buvo konsultuotasi su Kult\u016bros paveldo departamento Marijampol\u0117s skyriaus vyr. specialiste, o i\u0161 Vilkavi\u0161kio savivaldyb\u0117s Architekt\u016bros ir urbanistikos skyriaus buvo gautas j\u0173 parengtas Pastato b\u016bkl\u0117s \u012fvertinimo aktas.<\/p>\n\n\n\n<p>Gra\u017ei\u0173 nor\u0173 ir id\u0117j\u0173 neu\u017eteko, ta\u010diau tai nerei\u0161kia, kad \u0161i tema buvo vienintel\u0117 Draugijos veikloje, iniciatyvos ir j\u0117gos bus nukreiptos \u012f kitas veiklas.<\/p>\n\n\n\n<p>Ta\u010diau u\u017evis svarbiausia, kad tiek PKD, tiek ir kitos organizacijos bei institucijos atliept\u0173 kybartie\u010di\u0173 norus, poreikius ir dirbdamos kartu burt\u0173 \u017emones bei praturtint\u0173 kasdienyb\u0119. O PKD ir toliau telks po vis\u0105 kra\u0161t\u0105 ir pasaul\u012f i\u0161sibars\u010diusius, bet vis dar gimtinei neabejingus kra\u0161tie\u010dius, dalysis j\u0173 mintimis bei i\u0161vien dirbs Kybart\u0173 labui.<\/p>\n","protected":false},"excerpt":{"rendered":"<p>Pasaul\u012f u\u017eklupusi pandemija pakoregavo gyvenimo temp\u0105, ta\u010diau net i\u0161\u0161\u016bki\u0173 kupini metai nesustabd\u0117 Pasaulio kybartie\u010di\u0173 draugijos (PKD) veiklos. Spalio prad\u017eioje Draugija v\u0117l sukviet\u0117 bendra\u017eygius, narius ir palaikan\u010dius bendras id\u0117jas susitikti Kybartuose.<\/p>\n","protected":false},"author":6,"featured_media":2880,"comment_status":"closed","ping_status":"open","sticky":false,"template":"","format":"standard","meta":{"om_disable_all_campaigns":false,"_monsterinsights_skip_tracking":false,"_monsterinsights_sitenote_active":false,"_monsterinsights_sitenote_note":"","_monsterinsights_sitenote_category":0,"_uf_show_specific_survey":0,"_uf_disable_surveys":false,"footnotes":""},"categories":[19],"tags":[],"class_list":["post-2879","post","type-post","status-publish","format-standard","has-post-thumbnail","hentry","category-pasaulio-kybartieciu-draugija"],"aioseo_notices":[],"_links":{"self":[{"href":"https:\/\/kybartai.lt\/lt_lt\/wp-json\/wp\/v2\/posts\/2879","targetHints":{"allow":["GET"]}}],"collection":[{"href":"https:\/\/kybartai.lt\/lt_lt\/wp-json\/wp\/v2\/posts"}],"about":[{"href":"https:\/\/kybartai.lt\/lt_lt\/wp-json\/wp\/v2\/types\/post"}],"author":[{"embeddable":true,"href":"https:\/\/kybartai.lt\/lt_lt\/wp-json\/wp\/v2\/users\/6"}],"replies":[{"embeddable":true,"href":"https:\/\/kybartai.lt\/lt_lt\/wp-json\/wp\/v2\/comments?post=2879"}],"version-history":[{"count":3,"href":"https:\/\/kybartai.lt\/lt_lt\/wp-json\/wp\/v2\/posts\/2879\/revisions"}],"predecessor-version":[{"id":2886,"href":"https:\/\/kybartai.lt\/lt_lt\/wp-json\/wp\/v2\/posts\/2879\/revisions\/2886"}],"wp:featuredmedia":[{"embeddable":true,"href":"https:\/\/kybartai.lt\/lt_lt\/wp-json\/wp\/v2\/media\/2880"}],"wp:attachment":[{"href":"https:\/\/kybartai.lt\/lt_lt\/wp-json\/wp\/v2\/media?parent=2879"}],"wp:term":[{"taxonomy":"category","embeddable":true,"href":"https:\/\/kybartai.lt\/lt_lt\/wp-json\/wp\/v2\/categories?post=2879"},{"taxonomy":"post_tag","embeddable":true,"href":"https:\/\/kybartai.lt\/lt_lt\/wp-json\/wp\/v2\/tags?post=2879"}],"curies":[{"name":"wp","href":"https:\/\/api.w.org\/{rel}","templated":true}]}}