{"id":2910,"date":"2021-11-01T19:14:23","date_gmt":"2021-11-01T17:14:23","guid":{"rendered":"https:\/\/kybartai.lt\/?p=2910"},"modified":"2021-11-08T15:30:11","modified_gmt":"2021-11-08T13:30:11","slug":"prisimenant-tautodailininka-mokytoja-poeta","status":"publish","type":"post","link":"https:\/\/kybartai.lt\/lt_lt\/prisimenant-tautodailininka-mokytoja-poeta\/","title":{"rendered":"Prisimenant tautodailinink\u0105, mokytoj\u0105, poet\u0105"},"content":{"rendered":"\n<p>Lygiai prie\u0161 penkerius metus Vis\u0173 \u0161vent\u0173j\u0173 dien\u0105 mus\npaliko kybartietis tautodailininkas, med\u017eio dro\u017e\u0117jas, Pasaulio kybartie\u010di\u0173\ndraugijos narys nuo 2008 m. <strong>Kajetonas Vitolis EISMONTAS <\/strong>(1931\u20132016). Daugelis\nprisimename jo sant\u016bri\u0105 \u0161ypsen\u0105, filosofi\u0161kai toleranti\u0161k\u0105 po\u017ei\u016br\u012f \u012f gyvenim\u0105,\nsubtil\u0173 humor\u0105 ir dosniai dalijam\u0105 savomis rankomis sukurt\u0105 gro\u017e\u012f. Turb\u016bt da\u017eno\nkybartie\u010dio namuose dar surastume Jo i\u0161dro\u017et\u0105 \u0161auk\u0161t\u0105, druskin\u0119, pad\u0117kliuk\u0105, namo\nar buto numer\u012f, sieninio laikrod\u017eio ar veidrod\u017eio r\u0117mus&#8230;<\/p>\n\n\n\n<p>Polink\u012f menui paveld\u0117j\u0119s i\u0161 kry\u017edirbio senelio ir gra\u017eiai\npie\u0161usio t\u0117vo, Kajetonas Vitolis nuo vaikyst\u0117s pam\u0117go pie\u0161ti, pagal br\u0117\u017einius\npjaustin\u0117jo peiliuku. Vaikyst\u0117je gyven\u0119s ir mok\u0119sis daugyb\u0117je Lietuvos miest\u0173\nir miesteli\u0173, 11-t\u0105 klas\u0119 baig\u0119s Kybartuose (bet egzaminus laik\u0119s \u0160eduvoje), po\ntarnybos armijoje \u012fsidarbino ir daugyb\u0119 met\u0173 dirbo Kybart\u0173\nprekybos \u012frengini\u0173 gamyklos apipavidalintoju. Jo kurti vaizdin\u0117s agitacijos\nstendai, i\u0161siskirdav\u0119 savitu brai\u017eu, \u012fvairiose ap\u017ei\u016brose nuolat laim\u0117davo auk\u0161\u010diausius\n\u012fvertinimus. <\/p>\n\n\n\n<p>Did\u017eioji menininko laisvalaikio dalis taip pat buvo skirta k\u016brybai \u2013 nuo smulki\u0173 ir stambesni\u0173 med\u017eio dro\u017eini\u0173 iki i\u0161rai\u0161king\u0173 kartonini\u0173 kauki\u0173 mokykliniams karnavalams saviems, bendradarbi\u0173 ir kaimyn\u0173 vaikams. 1992 m. K. V. Eismontas tapo Lietuvos tautodailinink\u0173 s\u0105jungos nariu. Kaip pats juokaudavo: \u201eI\u0161dro\u017eiau \u0161auk\u0161t\u0105 ir tapau tautodailininku&#8230;\u201c T\u0173 \u0161auk\u0161t\u0173 su ypa\u010d originaliais kotais \u2013 kaip verpst\u0117s, g\u0117l\u0117s, \u0105\u017euolo \u0161akel\u0117s, \u017euvys, vabalai ir pan. \u2013 jis i\u0161dro\u017e\u0117 \u0161imtus, ir visi jie skirtingi, nerastume dviej\u0173 vienod\u0173 darb\u0173. Daugyb\u0119 j\u0173 i\u0161dovanojo, pardav\u0117 \u012fvairiose \u0161vent\u0117se, mug\u0117se. Bet dalyvaudavo jose ne d\u0117l materialios naudos, visuomet daugiau vertino galimyb\u0119 pab\u016bti tarp \u017emoni\u0173, pasikalb\u0117ti, pamatyti, k\u0105 suk\u016br\u0119 kiti. I\u0161 didesni\u0173 darb\u0173 yra padar\u0119s kelet\u0105 koplyt\u0117li\u0173, bene septynis meni\u0161kus kry\u017eius, kurie stovi Kybart\u0173, Virbalio, Vilniaus kapin\u0117se ir prie Kybart\u0173 vaik\u0173 dienos centro.&nbsp; Pamatyti K. V. Eismonto dro\u017eini\u0173 galite Galerijoje <a href=\"http:\/\/www.etnografija.vilkaviskis.lt\/tautodailininkai-ir-amatininkai\/medzio-drozejai\/3132-eismontas-kajetonas\">http:\/\/www.etnografija.vilkaviskis.lt\/tautodailininkai-ir-amatininkai\/medzio-drozejai\/3132-eismontas-kajetonas<\/a>.<\/p>\n\n\n\n<p>Tautodailininkas ne tik dro\u017ein\u0117davo pats,\nbet savo amato paslaptimis noriai dalijosi su jaunimu. Eil\u0119 met\u0173 vadovavo Vilkavi\u0161kio vaik\u0173 ir jaunimo centro jaun\u0173j\u0173 dro\u017e\u0117j\u0173\nb\u016breliui Kybartuose bei dro\u017e\u0117j\u0173 b\u016breliui Kybart\u0173 vaik\u0173 globos namuose, kartu su\nsavo mokiniais va\u017ein\u0117davo \u012f respublikines parodas-muges. <\/p>\n\n\n\n<p>Vasaromis, u\u017emet\u0119s kaltus ir skaptukus, su kuprine ant pe\u010di\u0173 m\u0117go i\u0161eiti \u012f gamt\u0105, keliaudavo po buvusi\u0105 Soviet\u0173 S\u0105jung\u0105, v\u0117liau, atsiv\u0117rus sienoms, aplank\u0117 ne vien\u0105 Europos valstyb\u0119. Vienas pirm\u0173j\u0173 Kybartuose \u012fsigij\u0119s filmavimo kamer\u0105, ne tik fiksuodavo kasdienes ir \u0161ventines kybartie\u010di\u0173 gyvenimo akimirkas, bet geb\u0117jo menininko \u017evilgsniu pagauti, o paskui ir kitiems parodyti paprastuose gamtos pavidaluose slypint\u012f gro\u017e\u012f, vitali\u0161kum\u0105, \u0161viesos ir spalv\u0173 \u017eaism\u0105&#8230; O kasmet prie\u0161 Naujuosius \u201eu\u017esiaugindavo\u201c mink\u0161t\u0105 balt\u0105 barzd\u0105, apsivilkdavo ilgu puo\u0161niu r\u016bbu ir su mai\u0161u ant pe\u010di\u0173, paties i\u0161dro\u017ein\u0117ta lazda rankoje pasibelsdavo \u012f ne vienas duris. Tod\u0117l nema\u017eai buvusi\u0173 ir esam\u0173 kybartie\u010di\u0173 gali pasigirti, kad j\u0173 vaikyst\u0117je Kal\u0117d\u0173 Senelis (sovietme\u010diu dar vadintas Seneliu \u0160al\u010diu) buvo realus asmuo, kuriam savo namuose gal\u0117jai paspausti rank\u0105 ir padeklamuoti eil\u0117ra\u0161t\u012f&#8230; Nors ir ma\u017e\u0105, bet reik\u0161ming\u0105 dal\u012f Kajetono Vitalio Eismonto k\u016bryboje u\u017eima original\u016bs jo para\u0161yti tekstai. Vieno i\u0161 j\u0173 galite pasiklausyti \u010dia:  <\/p>\n\n\n\n<figure class=\"wp-block-embed-youtube wp-block-embed is-type-video is-provider-youtube wp-embed-aspect-16-9 wp-has-aspect-ratio\"><div class=\"wp-block-embed__wrapper\">\n<iframe loading=\"lazy\" title=\"K. V. Eismonto eil\u0117s\" width=\"640\" height=\"360\" src=\"https:\/\/www.youtube.com\/embed\/KIr9mHWT8Kc?feature=oembed\" frameborder=\"0\" allow=\"accelerometer; autoplay; clipboard-write; encrypted-media; gyroscope; picture-in-picture; web-share\" referrerpolicy=\"strict-origin-when-cross-origin\" allowfullscreen><\/iframe>\n<\/div><\/figure>\n","protected":false},"excerpt":{"rendered":"<p>Lygiai prie\u0161 penkerius metus Vis\u0173 \u0161vent\u0173j\u0173 dien\u0105 mus paliko kybartietis tautodailininkas, med\u017eio dro\u017e\u0117jas, Pasaulio kybartie\u010di\u0173 draugijos narys nuo 2008 m. Kajetonas Vitolis EISMONTAS (1931\u20132016). Daugelis prisimename jo sant\u016bri\u0105 \u0161ypsen\u0105, filosofi\u0161kai<\/p>\n","protected":false},"author":6,"featured_media":2919,"comment_status":"closed","ping_status":"open","sticky":false,"template":"","format":"standard","meta":{"om_disable_all_campaigns":false,"_monsterinsights_skip_tracking":false,"_monsterinsights_sitenote_active":false,"_monsterinsights_sitenote_note":"","_monsterinsights_sitenote_category":0,"_uf_show_specific_survey":0,"_uf_disable_surveys":false,"footnotes":""},"categories":[68,8,19],"tags":[],"class_list":["post-2910","post","type-post","status-publish","format-standard","has-post-thumbnail","hentry","category-asmenybes","category-kultura","category-pasaulio-kybartieciu-draugija"],"aioseo_notices":[],"_links":{"self":[{"href":"https:\/\/kybartai.lt\/lt_lt\/wp-json\/wp\/v2\/posts\/2910","targetHints":{"allow":["GET"]}}],"collection":[{"href":"https:\/\/kybartai.lt\/lt_lt\/wp-json\/wp\/v2\/posts"}],"about":[{"href":"https:\/\/kybartai.lt\/lt_lt\/wp-json\/wp\/v2\/types\/post"}],"author":[{"embeddable":true,"href":"https:\/\/kybartai.lt\/lt_lt\/wp-json\/wp\/v2\/users\/6"}],"replies":[{"embeddable":true,"href":"https:\/\/kybartai.lt\/lt_lt\/wp-json\/wp\/v2\/comments?post=2910"}],"version-history":[{"count":3,"href":"https:\/\/kybartai.lt\/lt_lt\/wp-json\/wp\/v2\/posts\/2910\/revisions"}],"predecessor-version":[{"id":2920,"href":"https:\/\/kybartai.lt\/lt_lt\/wp-json\/wp\/v2\/posts\/2910\/revisions\/2920"}],"wp:featuredmedia":[{"embeddable":true,"href":"https:\/\/kybartai.lt\/lt_lt\/wp-json\/wp\/v2\/media\/2919"}],"wp:attachment":[{"href":"https:\/\/kybartai.lt\/lt_lt\/wp-json\/wp\/v2\/media?parent=2910"}],"wp:term":[{"taxonomy":"category","embeddable":true,"href":"https:\/\/kybartai.lt\/lt_lt\/wp-json\/wp\/v2\/categories?post=2910"},{"taxonomy":"post_tag","embeddable":true,"href":"https:\/\/kybartai.lt\/lt_lt\/wp-json\/wp\/v2\/tags?post=2910"}],"curies":[{"name":"wp","href":"https:\/\/api.w.org\/{rel}","templated":true}]}}