{"id":3188,"date":"2022-04-29T16:48:21","date_gmt":"2022-04-29T13:48:21","guid":{"rendered":"https:\/\/kybartai.lt\/?p=3188"},"modified":"2022-05-06T09:55:32","modified_gmt":"2022-05-06T06:55:32","slug":"i-molyno-tvenkini-paleista-per-simta-ivairiu-jaunu-zuvu","status":"publish","type":"post","link":"https:\/\/kybartai.lt\/lt_lt\/i-molyno-tvenkini-paleista-per-simta-ivairiu-jaunu-zuvu\/","title":{"rendered":"\u012e Molyno tvenkin\u012f paleista per \u0161imt\u0105 \u012fvairi\u0173 jaun\u0173 \u017euv\u0173"},"content":{"rendered":"\n<p><strong>\u012e Daug\u0117lai\u010di\u0173 kaime esant\u012f vandens telkin\u012f paleista 114 jaun\u0173 \u017euv\u0173. Prie pat Kybart\u0173 esan\u010diam Molyno tvenkiniui \u012f\u017euvinti Vilkavi\u0161kio rajono savivaldyb\u0117 skyr\u0117 t\u016bkstant\u012f eur\u0173.<\/strong><\/p>\n\n\n\n<p>Kybart\u0173 bendruomen\u0117s narys ir feisbuko grup\u0117s \u201eKybart\u0173 Molynas\u201c administratorius Viktoras \u0160inkariovas savanori\u0161kai r\u016bpinasi tvenkinio prie\u017ei\u016bra. Vyri\u0161kis organizuoja aplinkos tvarkymo talkas, inicijuoja \u012f\u017euvinim\u0105.&nbsp;<br><br>\u201e\u012e tvenkin\u012f \u012fleidome 30 er\u0161ket\u0173, 50 am\u016br\u0173, 34 karpius. Tvenkinyje dominuoja lydekos ir e\u0161eriai, tod\u0117l \u012f\u017euvinti \u012fsigijome didesni\u0173 \u017euv\u0173, kad pl\u0117\u0161r\u016bn\u0117s naujoki\u0173 nei\u0161gaudyt\u0173\u201c, \u2013 pasakojo V. \u0160inkariovas.&nbsp;<br><br>Molynui \u012f\u017euvinti V. \u0160inkariovas jau antr\u0105 kart\u0105 pasirinko \u012fmon\u0119 \u201eIngridos \u017euvys\u201c. \u0160\u012f kart\u0105 jos savinink\u0117 kybartie\u010diams pasi\u016bl\u0117 ne tik didesni\u0173 \u017euv\u0173, bet ir i\u0161skirtin\u012f er\u0161ket\u0105 albinos\u0105. \u201eJis yra geltonos spalvos. \u017duv\u0173 albinosi\u0173 b\u016bna \u012fvairi\u0173, tod\u0117l labai d\u017eiaugiam\u0117s, kad viena j\u0173 plaukios ir m\u016bs\u0173 Molyne\u201c, \u2013 kalb\u0117jo aktyvus bendruomen\u0117s narys.&nbsp;<br><br>Viktoras sak\u0117, kad finansin\u0119 pagalb\u0105 i\u0161 Savivaldyb\u0117s gavo dar ruden\u012f, ta\u010diau darbai buvo atid\u0117ti pavasariui, nes iki \u017eiemos naujosios gyventojos gal\u0117jo nesp\u0117ti prisitaikyti tvenkinyje.&nbsp;<br><br>Steb\u0117ti \u012fleid\u017eiam\u0173 \u017euv\u0173 prie Molyno susirinko nemenkas b\u016brys kybartie\u010di\u0173. \u201eNoriu papra\u0161yti \u017emoni\u0173 s\u0105moningumo: ne i\u0161gaudyti, o saugoti \u017euvis. Juk su\u017evejojus galima ir paleisti\u201c, \u2013 kalb\u0117jo V. \u0160inkariovas.&nbsp;<br><br>Vis d\u0117lto neilgai trukus vyri\u0161kis socialiniame tinkle su apmaudu piktinosi, kad jau kit\u0105 dien\u0105 po \u012f\u017euvinimo Molyne buvo u\u017emestos me\u0161ker\u0117s: \u201eVien\u0105 dien\u0105 \u012fleid\u017eiame, o kit\u0105 jau \u017evejojame, tad ar verta stengtis?\u201c&nbsp;<br><br>\u017dmoni\u0173 s\u0105moningumo tr\u016bksta ir r\u016bpinantis tvenkinio aplinka: m\u0117tosi \u0161iuk\u0161l\u0117s, padangos, o ka\u017ekas dar ir nereikalingas lovas paliko. Sutvarkyti Molyno prieigas gegu\u017e\u0117s 7 d. V. \u0160inkariovas kvie\u010dia talk\u0105.&nbsp;<br><br>Jis pasidalijo planais tvenkinyje suorganizuoti \u017evej\u0173 var\u017eybas, per kurias b\u016bt\u0173 gaudomos ir atgal paleid\u017eiamos pl\u0117\u0161riosios \u017euvys. \u0160iai id\u0117jai \u012fgyvendinti vyras viliasi rasti r\u0117m\u0117j\u0173. Per var\u017eybas surinktas l\u0117\u0161as V. \u0160inkariovas planuoja skirti dar kart\u0105 \u012f\u017euvinti pustre\u010dio hektaro dyd\u017eio Molyn\u0105.&nbsp;<\/p>\n\n\n\n<p><em>Simona SIMANAVI\u010cIEN\u0116<\/em><\/p>\n\n\n\n<p>Publikuota: &#8222;Santaka&#8221;, 2022-04-29.<\/p>\n","protected":false},"excerpt":{"rendered":"<p>\u012e Daug\u0117lai\u010di\u0173 kaime esant\u012f vandens telkin\u012f paleista 114 jaun\u0173 \u017euv\u0173. Prie pat Kybart\u0173 esan\u010diam Molyno tvenkiniui \u012f\u017euvinti Vilkavi\u0161kio rajono savivaldyb\u0117 skyr\u0117 t\u016bkstant\u012f eur\u0173. Kybart\u0173 bendruomen\u0117s narys ir feisbuko grup\u0117s \u201eKybart\u0173<\/p>\n","protected":false},"author":3,"featured_media":3195,"comment_status":"closed","ping_status":"open","sticky":false,"template":"","format":"standard","meta":{"om_disable_all_campaigns":false,"_monsterinsights_skip_tracking":false,"_monsterinsights_sitenote_active":false,"_monsterinsights_sitenote_note":"","_monsterinsights_sitenote_category":0,"_uf_show_specific_survey":0,"_uf_disable_surveys":false,"footnotes":""},"categories":[16,4],"tags":[],"class_list":["post-3188","post","type-post","status-publish","format-standard","has-post-thumbnail","hentry","category-aktualijos","category-miestas"],"aioseo_notices":[],"_links":{"self":[{"href":"https:\/\/kybartai.lt\/lt_lt\/wp-json\/wp\/v2\/posts\/3188","targetHints":{"allow":["GET"]}}],"collection":[{"href":"https:\/\/kybartai.lt\/lt_lt\/wp-json\/wp\/v2\/posts"}],"about":[{"href":"https:\/\/kybartai.lt\/lt_lt\/wp-json\/wp\/v2\/types\/post"}],"author":[{"embeddable":true,"href":"https:\/\/kybartai.lt\/lt_lt\/wp-json\/wp\/v2\/users\/3"}],"replies":[{"embeddable":true,"href":"https:\/\/kybartai.lt\/lt_lt\/wp-json\/wp\/v2\/comments?post=3188"}],"version-history":[{"count":2,"href":"https:\/\/kybartai.lt\/lt_lt\/wp-json\/wp\/v2\/posts\/3188\/revisions"}],"predecessor-version":[{"id":3196,"href":"https:\/\/kybartai.lt\/lt_lt\/wp-json\/wp\/v2\/posts\/3188\/revisions\/3196"}],"wp:featuredmedia":[{"embeddable":true,"href":"https:\/\/kybartai.lt\/lt_lt\/wp-json\/wp\/v2\/media\/3195"}],"wp:attachment":[{"href":"https:\/\/kybartai.lt\/lt_lt\/wp-json\/wp\/v2\/media?parent=3188"}],"wp:term":[{"taxonomy":"category","embeddable":true,"href":"https:\/\/kybartai.lt\/lt_lt\/wp-json\/wp\/v2\/categories?post=3188"},{"taxonomy":"post_tag","embeddable":true,"href":"https:\/\/kybartai.lt\/lt_lt\/wp-json\/wp\/v2\/tags?post=3188"}],"curies":[{"name":"wp","href":"https:\/\/api.w.org\/{rel}","templated":true}]}}