{"id":3597,"date":"2024-04-28T19:26:14","date_gmt":"2024-04-28T16:26:14","guid":{"rendered":"https:\/\/kybartai.lt\/?p=3597"},"modified":"2024-04-28T19:26:15","modified_gmt":"2024-04-28T16:26:15","slug":"po-dvigubos-sventes-k-donelaiti-primins-ypatingos-dovanos-gimnazijai","status":"publish","type":"post","link":"https:\/\/kybartai.lt\/lt_lt\/po-dvigubos-sventes-k-donelaiti-primins-ypatingos-dovanos-gimnazijai\/","title":{"rendered":"Po dvigubos \u0161vent\u0117s K. Donelait\u012f primins ypatingos dovanos gimnazijai"},"content":{"rendered":"\n<p><strong>Apsi\u017evalgymas po donelaiti\u0161kos gimnazijos stubas, o ponstub\u0117j vyks meni\u0161kas renginys, kur reg\u0117sime ne tik \u0161nekorius, bet ir \u0161pielmonus. Ber\u017eyne \u010destavosime b\u016bri\u0161k\u0105 \u0161iupin\u012f ir dalyvausim b\u016brk\u0173 jomarke\u201c, \u2013 taip Kybart\u0173 Kristijono Donelai\u010dio gimnazijos bendruomen\u0117 kviet\u0117 pamin\u0117ti lietuvi\u0173 gro\u017ein\u0117s literat\u016bros pradininko K. Donelai\u010dio 310-\u0105sias gimimo metines.<\/strong><br><br><strong><em>Gimtadienis ir vardadienis<\/em><\/strong><br><br>Kybart\u0173 Kristijono Donelai\u010dio gimnazija \u2013 \u0161alyje vienintel\u0117 ugdymo \u012fstaiga, galinti did\u017eiuotis pavadinta \u0161io poeto vardu. Kristijono Donelai\u010dio vardas mokyklai buvo suteiktas 1964 metais. Proga \u0161v\u0119sti \u2013 neeilin\u0117, tod\u0117l gimnazija sujung\u0117 dvi jubiliejines sukaktis ir sureng\u0117 \u0161ventin\u012f min\u0117jim\u0105.<br><br>\u201eJau \u0161e\u0161iasde\u0161imt met\u0173 koja kojon \u017eengiame kartu su Kristijonu Donelai\u010diu. Tol, kol tur\u0117sime toki\u0173 talenting\u0173 mokytoj\u0173, mokini\u0173 ir kit\u0173 bendruomen\u0117s nari\u0173, tol gyvuosime\u201c, \u2013 kalb\u0117jo gimnazijos direktorius Saulius Spangevi\u010dius.<br><br>Penktadienio vakar\u0105 Kybart\u0173 Kristijono Donelai\u010dio gimnazijos bendruomen\u0117s nariai, partneriai, sve\u010diai tur\u0117jo prog\u0105 pamatyti teatralizuot\u0105 menin\u0119 kompozicij\u0105 \u201ePa\u0161nekesiai su Donelai\u010diu\u201c. T\u0105kart \u012f scen\u0105 lipo ne tik gimnazistai, vaidin\u0119 b\u016brus, bet ir mokytojai lituanistai Nijol\u0117 \u010cernauskien\u0117 bei Mindaugas Bu\u010dinskas. Pastarasis \u012fk\u016bnijo pat\u012f K. Donelait\u012f, o kolegei teko evangelik\u0173 liuteron\u0173 kunigo, literato \u017emonos Onos Reginos vaidmuo. Menin\u0117 kompozicija, kurioje buvo ap\u017evelgtas prie\u0161 310 met\u0173 gimusio K. Donelai\u010dio kelias, daugiau nei pusvaland\u012f kaust\u0117 susirinkusi\u0173j\u0173 d\u0117mes\u012f.<br><br><strong><em>Gaus poeto daikt\u0173 kopijas<\/em><\/strong><br><br>\u0160vent\u0117s proga gimnazijoje vie\u0161\u0117jo b\u016brys garbi\u0173 sve\u010di\u0173: fotomenininkas, K. Donelai\u010dio gimin\u0117s med\u017eio sudarytojas Valentinas Juraitis, Marijampol\u0117s Kristijono Donelai\u010dio draugijos pirminink\u0117 Vida Mickuvien\u0117, Karaliau\u010diaus srities lietuvi\u0173 bendruomen\u0117s bei Balt\u0173 kult\u016bros ir mokslo paramos fondo pirmininkas Sigitas \u0160amborskis, Lietuvos K. Donelai\u010dio draugijos pirmininkas Gintaras Skamaro\u010dius, Seimo narys Algirdas Butkevi\u010dius, Vilkavi\u0161kio rajono savivaldyb\u0117s vicemer\u0117 Daiva Riklien\u0117, \u0160vietimo, kult\u016bros ir sporto skyriaus ved\u0117ja \u017dydr\u0117 \u017dilinskien\u0117, Kybart\u0173 Eucharistinio I\u0161ganytojo ba\u017eny\u010dios klebonas Jonas Cikana, seni\u016bnas Romas \u0160unokas, Jurbarko Antano Giedrai\u010dio-Giedriaus gimnazijos atstovai. Visi jie su dovanomis, gra\u017eiausias \u017eod\u017eiais sveikino gimnazijos bendruomen\u0119, sujungusi\u0105 dvi gra\u017eias progas.<br><br>Renginyje Lietuvos K. Donelai\u010dio draugijos pirmininkas G. Skamaro\u010dius prasitar\u0117, kad gimnazij\u0105 tur\u0117t\u0173 pasiekti neeilin\u0117 dovana. Lietuvos nacionalinis muziejus yra atrink\u0119s istorini\u0173 vertybi\u0173, kurias tur\u0117jo matyti lietuvi\u0173 literat\u016bros klasiko K. Donelai\u010dio memorialinio muziejaus Tolminkiemyje lankytojai. Ta\u010diau d\u0117l nestabilios geopolitin\u0117s pad\u0117ties daikt\u0173 ten nugabenti nepavyko. Sutarta, kad dalis eksponat\u0173 pasieks Kybartus. Gimnazijai bus perduotas klavesinas, spinta, lova, komoda, virtuv\u0117s indai bei kitos K. Donelai\u010dio tur\u0117t\u0173 daikt\u0173 kopijos. \u0160ie eksponatai mokyklai bus patik\u0117ti laikinai eksponuoti. Bendruomen\u0117 \u0161io \u012fvykio labai laukia, ruo\u0161ia patalpas.<br><br><strong><em>\u012esitrauk\u0117 visa mokykla<\/em><\/strong><br><br>Po \u201ePa\u0161nekesi\u0173 su Donelai\u010diu\u201c gimnazijos direktorius S. Spangevi\u010dius ir direktoriaus pavaduotoja ugdymui Jolanta Janulaityt\u0117 pad\u0117kojo rajono mokykl\u0173 mokiniams bei juos ruo\u0161usiems mokytojams u\u017e tai, kad dalyvavo dail\u0117s ir technologij\u0173 miniat\u016br\u0173 konkurse bei savo darbais papuo\u0161\u0117 j\u0173 \u012fstaigos koridorius.<br><br>V\u0117liau renginio dalyviai klaus\u0117si Gintaro Jakelio vadovaujamo gitar\u0173 kolektyvo \u201eGitarija\u201c dain\u0173, o \u0161ventin\u012f vakar\u0105 vainikavo buvusi\u0173 ir esam\u0173 gimnazijos ugdytini\u0173 koncertin\u0117 programa. Po menin\u0117s dalies \u017emon\u0117s neskub\u0117jo skirstytis. Gimnazijos hole vyko jomarkas, o sve\u010diai buvo vai\u0161inami \u0161iupiniu, ant lau\u017eo keptomis bulv\u0117mis, juoda duona, pagardinta \u0161multe, ir kitais b\u016bri\u0161kais bei poni\u0161kais valgiais.<\/p>\n\n\n\n<p><em>Toma BIR\u0160TON\u0116<\/em><\/p>\n\n\n\n<p><strong>Autor\u0117s nuotr.<\/strong> Menin\u0117je kompozicijoje \u201ePa\u0161nekesiai su Donelai\u010diu\u201c mokiniai \u012fsik\u016bnijo \u012f b\u016brus, o gimnazijos lituanistams Mindaugui Bu\u010dinskui bei Nijolei \u010cernauskienei atiteko pagrindiniai poeto ir jo sutuoktin\u0117s vaidmenys.<\/p>\n\n\n\n<p>Publikuota: &#8222;Santaka&#8221;, 2024-04-26.<\/p>\n\n\n\n<p><\/p>\n","protected":false},"excerpt":{"rendered":"<p>Apsi\u017evalgymas po donelaiti\u0161kos gimnazijos stubas, o ponstub\u0117j vyks meni\u0161kas renginys, kur reg\u0117sime ne tik \u0161nekorius, bet ir \u0161pielmonus. Ber\u017eyne \u010destavosime b\u016bri\u0161k\u0105 \u0161iupin\u012f ir dalyvausim b\u016brk\u0173 jomarke\u201c, \u2013 taip Kybart\u0173 Kristijono<\/p>\n","protected":false},"author":3,"featured_media":3598,"comment_status":"closed","ping_status":"open","sticky":false,"template":"","format":"standard","meta":{"om_disable_all_campaigns":false,"_monsterinsights_skip_tracking":false,"_monsterinsights_sitenote_active":false,"_monsterinsights_sitenote_note":"","_monsterinsights_sitenote_category":0,"_uf_show_specific_survey":0,"_uf_disable_surveys":false,"footnotes":""},"categories":[3,11],"tags":[],"class_list":["post-3597","post","type-post","status-publish","format-standard","has-post-thumbnail","hentry","category-kybartai-spaudoje","category-httpkristijonasdonelaitis-lt"],"aioseo_notices":[],"_links":{"self":[{"href":"https:\/\/kybartai.lt\/lt_lt\/wp-json\/wp\/v2\/posts\/3597","targetHints":{"allow":["GET"]}}],"collection":[{"href":"https:\/\/kybartai.lt\/lt_lt\/wp-json\/wp\/v2\/posts"}],"about":[{"href":"https:\/\/kybartai.lt\/lt_lt\/wp-json\/wp\/v2\/types\/post"}],"author":[{"embeddable":true,"href":"https:\/\/kybartai.lt\/lt_lt\/wp-json\/wp\/v2\/users\/3"}],"replies":[{"embeddable":true,"href":"https:\/\/kybartai.lt\/lt_lt\/wp-json\/wp\/v2\/comments?post=3597"}],"version-history":[{"count":1,"href":"https:\/\/kybartai.lt\/lt_lt\/wp-json\/wp\/v2\/posts\/3597\/revisions"}],"predecessor-version":[{"id":3599,"href":"https:\/\/kybartai.lt\/lt_lt\/wp-json\/wp\/v2\/posts\/3597\/revisions\/3599"}],"wp:featuredmedia":[{"embeddable":true,"href":"https:\/\/kybartai.lt\/lt_lt\/wp-json\/wp\/v2\/media\/3598"}],"wp:attachment":[{"href":"https:\/\/kybartai.lt\/lt_lt\/wp-json\/wp\/v2\/media?parent=3597"}],"wp:term":[{"taxonomy":"category","embeddable":true,"href":"https:\/\/kybartai.lt\/lt_lt\/wp-json\/wp\/v2\/categories?post=3597"},{"taxonomy":"post_tag","embeddable":true,"href":"https:\/\/kybartai.lt\/lt_lt\/wp-json\/wp\/v2\/tags?post=3597"}],"curies":[{"name":"wp","href":"https:\/\/api.w.org\/{rel}","templated":true}]}}