{"id":3704,"date":"2024-11-14T21:27:47","date_gmt":"2024-11-14T19:27:47","guid":{"rendered":"https:\/\/kybartai.lt\/?p=3704"},"modified":"2024-11-14T21:29:32","modified_gmt":"2024-11-14T19:29:32","slug":"gimnazijoje-veikia-unikali-ekspozicija","status":"publish","type":"post","link":"https:\/\/kybartai.lt\/lt_lt\/gimnazijoje-veikia-unikali-ekspozicija\/","title":{"rendered":"Gimnazijoje veikia unikali ekspozicija"},"content":{"rendered":"\n<p><strong>Kybart\u0173 Kristijono Donelai\u010dio gimnazijoje pristatyta Lietuvos nacionalinio muziejaus ekspozicija, skirta lietuvi\u0173 literat\u016bros pradininkui K. Donelai\u010diui atminti. Ji \u012fstaigoje bus eksponuojama neribot\u0105 laik\u0105.<\/strong><\/p>\n\n\n\n<p><em><strong>Atsisak\u0117 perimti<\/strong><\/em><\/p>\n\n\n\n<p>Bandant surasti prie\u017eastis, kod\u0117l \u012f Kybartus buvo perkelta unikali ekspozicija, reik\u0117t\u0173 sugr\u012f\u017eti ma\u017edaug 11 met\u0173 \u012f praeit\u012f. B\u016btent tada Kristijono Donelai\u010dio draugija kartu su Lietuvos nacionaliniu muziejumi ruo\u0161\u0117si min\u0117ti 300-\u0105sias K. Donelai\u010dio gimimo metines. Buvo paruo\u0161tas veiksm\u0173 planas, pagal kur\u012f Karaliau\u010diaus srityje, Tolminkiemyje, esant\u012f K. Donelai\u010dio memorialin\u012f muziej\u0173 tur\u0117jo papildyti nauja ekspozicija.<\/p>\n\n\n\n<p>\u201eRinkome med\u017eiag\u0105, \u201esujudinome\u201c bendruomen\u0119, privert\u0117me \u017emones dar labiau dom\u0117tis K. Donelai\u010dio palikimu. Viskas \u0117jo pagal plan\u0105, ta\u010diau situacij\u0105 auk\u0161tyn kojomis apvert\u0117 2014 m. \u012fvykusi Krymo okupacija. Po jos Lietuva, kaip ir dauguma kit\u0173 \u0161ali\u0173, su Rusija nutrauk\u0117 diplomatinius santykius. Nors K. Donelai\u010dio ekspozicija jau buvo paruo\u0161ta, ta\u010diau vald\u017eios atstovai atsisak\u0117 pasira\u0161yti perdavimo dokumentus\u201c, \u2013 prisimin\u0117 Kristijono Donelai\u010dio draugijos pirmininkas Gintaras Skamaro\u010dius.<\/p>\n\n\n\n<p>Bandydama ie\u0161koti i\u0161ei\u010di\u0173 jo vadovaujama organizacija pasisi\u016bl\u0117 perimti Lietuvos nacionalinio muziejaus ir Kult\u016bros ministerijos sukaupt\u0105 su K. Donelai\u010diu susijus\u012f turt\u0105 ir pati perduoti Tolminkiemio muziejui. Visgi toks b\u016bdas t\u0105kart jau netenkino Rusijos federacijos, kuri i\u0161k\u0117l\u0117 ultimatum\u0105, jog ekspozicij\u0105 priims tik tuo atveju, jei ji bus perduota diplomatiniu keliu. Ai\u0161ku, to padaryti tuo metu nebuvo \u012fmanoma.<\/p>\n\n\n\n<p><strong><em>Vietoje Tolminkiemio \u2013 Kybartai<\/em><\/strong><\/p>\n\n\n\n<p>Suprat\u0119, kad visgi ekspozicijos perduoti Tolminkiemio muziejui nepavyks, jos reng\u0117jai nusprend\u0117 j\u0105 sud\u0117ti \u012f saugyklas ir laukti tinkamesni\u0173 laik\u0173. Po kurio laiko santykiai tarp Lietuvos ir Rusijos pama\u017eu \u0117m\u0117 \u0161ilt\u0117ti, tad v\u0117l buvo atnaujintos kalbos apie galim\u0105 ekspozicijos perdavim\u0105. Visgi keli\u0105 tam galutinai u\u017ekirto 2022 m. Rusijos prad\u0117tas karas Ukrainoje.<\/p>\n\n\n\n<p>\u201eNenor\u0117jome ilgiau ekspozicijos laikyti saugyklose, tad nusprend\u0117me ie\u0161koti, kur gal\u0117tume j\u0105 eksponuoti. Mes patys neturime tam tinkamos vietos, tad kreip\u0117m\u0117s \u012f Kybart\u0173 gimnazij\u0105, kuri daugiau nei 60 met\u0173 puosel\u0117ja K. Donelai\u010dio atminim\u0105. D\u017eiaugiam\u0117s, kad mokyklos direktorius ir visa bendruomen\u0117 entuziastingai pri\u0117m\u0117 \u0161\u012f pasi\u016blym\u0105. Manome, kad Kybartuose ekspozicijai \u2013 geriausia vieta\u201c, \u2013 kalb\u0117jo G. Skamaro\u010dius.<\/p>\n\n\n\n<p>Lietuvos nacionalinio muziejaus direktoriaus pavaduotojas-vyriausiasis muziejaus rinkini\u0173 kuratorius \u017dygintas B\u016b\u010dys teig\u0117, kad formaliai nauja ekspozicija Kybart\u0173 gimnazijoje bus eksponuojama tik laikinai \u2013 tol, kol v\u0117l atsiras galimyb\u0117 bendradarbiauti su Tolminkiemio muziejumi. Visgi, anot jo, nepana\u0161u, kad tai atsitiks greitu metu.<\/p>\n\n\n\n<p>\u201eI\u0161 vienos pus\u0117s, nor\u0117t\u0173si, kad \u0161ie K. Donelai\u010diui skirti eksponatai nukeliaut\u0173 \u012f Tolminkiem\u012f, nes be j\u0173 ten esantis muziejus pama\u017eu gali i\u0161nykti. Kita vertus, mums visiems daug patogiau atkeliauti \u012f Kybartus ir \u010dia g\u0117r\u0117tis paroda\u201c, \u2013 svarst\u0117 G. Skamaro\u010dius.<\/p>\n\n\n\n<p>Jis taip pat i\u0161rei\u0161k\u0117 nuomon\u0119, kad ateityje Kybartuose gal\u0117t\u0173 atsirasti ne tik K. Donelai\u010diui skirta ekspozicija, bet ir Ma\u017eosios Lietuvos ar Pr\u016bsijos muziejus, kuriame gal\u0117t\u0173 b\u016bti vie\u0161inami eksponatai, susij\u0119 su Martynu Ma\u017evydu ir kitomis istorin\u0117mis to meto asmenyb\u0117mis.<\/p>\n\n\n\n<p><strong><em>Svarst\u0117, kaip i\u0161naudoti<\/em><\/strong><\/p>\n\n\n\n<p>\u012e K. Donelai\u010diui skirtos ekspozicijos atidarymo ceremonij\u0105 atvyk\u0119 sve\u010diai tur\u0117jo galimyb\u0119 ne tik i\u0161 ar\u010diau ap\u017ei\u016br\u0117ti unikalius eksponatus, bet ir buvo pakviesti \u012f edukacij\u0105, kurioje improvizuotoje donelaiti\u0161koje stuboje visus sutiko gaspadin\u0117s su savo pagamintais Ma\u017eosios Lietuvos valgiais. Susirinkusieji buvo kvie\u010diami paskanauti namin\u0117s duonos, medaus, kiauli\u0173 taukuose virt\u0173 kropeli\u0173, \u0161mult\u0117s, s\u016brio, gili\u0173 kavos ir kt.<\/p>\n\n\n\n<p>Prie vai\u0161i\u0173 stalo gim\u0117 nema\u017eai diskusij\u0173 apie tai, kaip b\u016bt\u0173 galima tinkamai i\u0161naudoti Kybartuose atsiradus\u012f nauj\u0105 traukos centr\u0105. Ekskursijas po \u0161\u012f miest\u0105 vedantis gidas Vitas Katkevi\u010dius pasid\u017eiaug\u0117, kad vien nuo gegu\u017e\u0117s Kybartus jau aplank\u0117 65-ios turist\u0173 grup\u0117s ne tik i\u0161 Lietuvos, bet ir i\u0161 Latvijos, Lenkijos, Vokietijos ir net Islandijos. Jis teig\u0117, kad \u012f Kybartus u\u017esuka nema\u017eai pedagog\u0173, kuriems tur\u0117t\u0173 b\u016bti \u012fdomi K. Donelai\u010dio istorija, tod\u0117l svarst\u0117, jog b\u016bt\u0173 galima parengti speciali\u0105 su \u0161ia tematika susijusi\u0105 edukacij\u0105.<\/p>\n\n\n\n<p>Vilkavi\u0161kio turizmo ir verslo informacijos centro vadovas Vitas Girdauskas paband\u0117 m\u0105styti dar pla\u010diau. Jo nuomone, b\u016bt\u0173 galima parengti bent 4 valand\u0173 trukm\u0117s tur\u0105 po Kybartus, \u012f kur\u012f b\u016bt\u0173 \u012ftraukti ir kiti \u0161io miesto lankomi objektai. V. Girdauskas svarst\u0117, kad informacij\u0105 apie tai b\u016bt\u0173 galima pristatyti jau kit\u0173 met\u0173 prad\u017eioje vyksian\u010dioje tarptautin\u0117je turizmo, kelioni\u0173 ir aktyvaus laisvalaikio parodoje \u201eAdventur\u201c. Jis taip pat pasid\u017eiaug\u0117, kad naujos ekspozicijos atidarymas tapo savoti\u0161ka \u012f\u017eanga \u012f kitais metais vyksian\u010di\u0173 rengini\u0173 cikl\u0105 Papr\u016bs\u0117s 500 met\u0173 sukak\u010diai.<\/p>\n\n\n\n<p>\u201eTikrai neb\u016bt\u0173 problem\u0173, jog gimnazijoje lankyt\u0173si turist\u0173 grup\u0117s. Dabar K. Donelai\u010diui skirta ekspozicija \u012fsik\u016brusi tre\u010diame auk\u0161te, kuriame, be lietuvi\u0173 kalbos ir literat\u016bros pamok\u0173, nelabai kas ir vyksta. Ai\u0161ku, reik\u0117t\u0173 i\u0161 anksto suderinti informacij\u0105 apie turist\u0173 srautus, bet tikrai esame pasiruo\u0161\u0119 b\u016bti atviri visiems norintiesiems. Smagu, kad ugdymo \u012fstaiga pretenduoja tapti dar vienu Kybart\u0173 traukos centru\u201c, \u2013 d\u017eiaug\u0117si Kristijono Donelai\u010dio gimnazijos direktorius Saulius Spangevi\u010dius.<\/p>\n\n\n\n<p><em>Andrius GRYGELAITIS<\/em><\/p>\n\n\n\n<p><strong>Autoriaus nuotr.<\/strong> Neseniai i\u0161kilmingos ceremonijos metu atidaryta Kristijonui Donelai\u010diui skirta erdv\u0117 bus atvira ir visuomenei.<\/p>\n\n\n\n<p>Publikuota: &#8222;Santaka&#8221;, 2024-11-15<\/p>\n\n\n\n<p><a href=\"https:\/\/santaka.info\/?sid=54373\">https:\/\/santaka.info\/?sid=54373<\/a><\/p>\n","protected":false},"excerpt":{"rendered":"<p>Kybart\u0173 Kristijono Donelai\u010dio gimnazijoje pristatyta Lietuvos nacionalinio muziejaus ekspozicija, skirta lietuvi\u0173 literat\u016bros pradininkui K. Donelai\u010diui atminti. Ji \u012fstaigoje bus eksponuojama neribot\u0105 laik\u0105. Atsisak\u0117 perimti Bandant surasti prie\u017eastis, kod\u0117l \u012f Kybartus<\/p>\n","protected":false},"author":3,"featured_media":3705,"comment_status":"closed","ping_status":"open","sticky":false,"template":"","format":"standard","meta":{"om_disable_all_campaigns":false,"_monsterinsights_skip_tracking":false,"_monsterinsights_sitenote_active":false,"_monsterinsights_sitenote_note":"","_monsterinsights_sitenote_category":0,"_uf_show_specific_survey":0,"_uf_disable_surveys":false,"footnotes":""},"categories":[3,11],"tags":[],"class_list":["post-3704","post","type-post","status-publish","format-standard","has-post-thumbnail","hentry","category-kybartai-spaudoje","category-httpkristijonasdonelaitis-lt"],"aioseo_notices":[],"_links":{"self":[{"href":"https:\/\/kybartai.lt\/lt_lt\/wp-json\/wp\/v2\/posts\/3704","targetHints":{"allow":["GET"]}}],"collection":[{"href":"https:\/\/kybartai.lt\/lt_lt\/wp-json\/wp\/v2\/posts"}],"about":[{"href":"https:\/\/kybartai.lt\/lt_lt\/wp-json\/wp\/v2\/types\/post"}],"author":[{"embeddable":true,"href":"https:\/\/kybartai.lt\/lt_lt\/wp-json\/wp\/v2\/users\/3"}],"replies":[{"embeddable":true,"href":"https:\/\/kybartai.lt\/lt_lt\/wp-json\/wp\/v2\/comments?post=3704"}],"version-history":[{"count":2,"href":"https:\/\/kybartai.lt\/lt_lt\/wp-json\/wp\/v2\/posts\/3704\/revisions"}],"predecessor-version":[{"id":3707,"href":"https:\/\/kybartai.lt\/lt_lt\/wp-json\/wp\/v2\/posts\/3704\/revisions\/3707"}],"wp:featuredmedia":[{"embeddable":true,"href":"https:\/\/kybartai.lt\/lt_lt\/wp-json\/wp\/v2\/media\/3705"}],"wp:attachment":[{"href":"https:\/\/kybartai.lt\/lt_lt\/wp-json\/wp\/v2\/media?parent=3704"}],"wp:term":[{"taxonomy":"category","embeddable":true,"href":"https:\/\/kybartai.lt\/lt_lt\/wp-json\/wp\/v2\/categories?post=3704"},{"taxonomy":"post_tag","embeddable":true,"href":"https:\/\/kybartai.lt\/lt_lt\/wp-json\/wp\/v2\/tags?post=3704"}],"curies":[{"name":"wp","href":"https:\/\/api.w.org\/{rel}","templated":true}]}}