{"id":3830,"date":"2025-04-25T20:14:20","date_gmt":"2025-04-25T17:14:20","guid":{"rendered":"https:\/\/kybartai.lt\/?p=3830"},"modified":"2025-04-25T20:14:20","modified_gmt":"2025-04-25T17:14:20","slug":"sveikata-vercia-nauja-puslapi","status":"publish","type":"post","link":"https:\/\/kybartai.lt\/lt_lt\/sveikata-vercia-nauja-puslapi\/","title":{"rendered":"\u201eSveikata\u201c ver\u010dia nauj\u0105 puslap\u012f"},"content":{"rendered":"\n<h6 class=\"wp-block-heading\">Naujas treneris, naujas komandos vadovas, nauji \u017eaid\u0117jai, gal\u0173 gale \u2013 naujas stadionas. Taip \u0161iemet atrodo neseniai Lietuvos antrojoje futbolo lygoje sezon\u0105 prad\u0117jusi Kybart\u0173 \u201eSveikatos\u201c komanda.<\/h6>\n\n\n\n<p><strong>Sutiko ne i\u0161 karto<\/strong><\/p>\n\n\n\n<p>Nauj\u0105 sezon\u0105 \u201eSveikata\u201c prad\u0117jo pakiliai, antrojoje \u0161alies lygoje i\u0161kovodama dvi pergales ir kart\u0105 su\u017eaisdama lygiosiomis. Dar viena pergal\u0117 buvo pasiekta Lietuvos futbolo federacijos taur\u0117s turnyre.<\/p>\n\n\n\n<p>Nors pra\u0117j\u0119 metai kybartie\u010diams buvo gana s\u0117kmingi, prie\u0161 \u0161\u012f sezon\u0105 ekipoje \u012fvyko nema\u017eai poky\u010di\u0173. Vis\u0173 pirma, po pusantr\u0173 met\u0173 pertraukos \u012f komandos vadovo gretas gr\u012f\u017eo puikiai kybartie\u010diams pa\u017e\u012fstamas Nerijus Demenius. Jis pakeit\u0117 ekipos vadovo funkcijas laikinai \u0117jus\u012f buvus\u012f vyriausi\u0105j\u012f trener\u012f Henrik\u0105 Katili\u0173.<\/p>\n\n\n\n<p>Dar pra\u0117jusio sezono eigoje i\u0161 \u201eSveikatos\u201c gret\u0173 pasitrauk\u0117 komandos vadovas Erikas Pak\u0161tys. B\u016btent tada klubo dalininkai ir pasi\u016bl\u0117 jo viet\u0105 u\u017eimti N. Demeniui. Vis tik pastarasis i\u0161 prad\u017ei\u0173 \u0161ios galimyb\u0117s atsisak\u0117.<\/p>\n\n\n\n<p>\u201eA\u0161 niekada nebuvau nutol\u0119s nuo komandos. Erikui taip pat pad\u0117jau kuo tik gal\u0117jau. Pra\u0117jusio sezono viduryje dar nenor\u0117jau sugr\u012f\u017eti, nesijau\u010diau pasireng\u0119s. Dabar laikas tam daug palankesnis. Jau\u010diuosi pails\u0117j\u0119s, v\u0117l turiu pakankamai motyvacijos dirbti. Galima versti nauj\u0105 komandos istorijos puslap\u012f ir visk\u0105 prad\u0117ti nuo prad\u017ei\u0173\u201c, \u2013 kalb\u0117jo N. Demenius.<\/p>\n\n\n\n<p><strong>Perspektyvus treneris<\/strong><\/p>\n\n\n\n<p>Sezon\u0105 \u201eSveikatos\u201c ekipa pasitiko ir su nauju vyriausiuoju treneriu. Pra\u0117jus\u012f sezon\u0105 komand\u0105 treniravus\u012f H. Katili\u0173 \u0161iame poste pakeit\u0117 buv\u0119s profesionalus futbolininkas k\u0117daini\u0161kis Gabrielius Zagurskas. Jam tai bus debiutas vyriausiojo trenerio k\u0117d\u0117je.<\/p>\n\n\n\n<p>\u201eTai \u2013 labai ambicingas specialistas, kuris pasi\u017eymi itin gerais analitiniais geb\u0117jimais. Gabrielius \u0161iuo metu dirba ir Lietuvos penkiolikme\u010di\u0173 rinktin\u0117s treneri\u0173 \u0161tabe. Tai rodo, kad jis turi i\u0161ties didel\u012f potencial\u0105. Henrikas taip pat liko treneri\u0173 \u0161tabe. Jis kartu dirbs ir su augan\u010dia jaun\u0105ja m\u016bs\u0173 pamaina\u201c, \u2013 teig\u0117 N. Demenius.<\/p>\n\n\n\n<p><strong>Nauji \u017eaid\u0117jai<\/strong><\/p>\n\n\n\n<p>Sezon\u0105 komanda pasitiko tur\u0117dama poky\u010di\u0173 ir savo sud\u0117tyje. Nema\u017ea dalis \u017eaid\u0117j\u0173 liko i\u0161 pra\u0117jusio sezono, ta\u010diau naujok\u0173 taip pat netr\u016bksta.<\/p>\n\n\n\n<p>\u201eSveikatai\u201c pavyko i\u0161saugoti ne tik norimus lietuvius, bet ir pernai puikiai u\u017esirekomendavusius legionierius \u2013 nigeriet\u012f Patrik\u0105 Nwodo bei austral\u0105 Joseph\u0105 Zawko. Pastarasis trumpam buvo i\u0161vyk\u0119s \u012f vien\u0105 Latvijos klub\u0105, ta\u010diau ten nepritapo, tod\u0117l nusprend\u0117 gr\u012f\u017eti \u012f Kybartus.<\/p>\n\n\n\n<p>\u201eSmagu, kad abu legionieriai i\u0161rei\u0161k\u0117 nor\u0105 likti pas mus. Patrikas net neblogai pramoko lietuvi\u0173 kalbos. Jis \u017eiem\u0105 trumpai rungtyniavo ir Vilkavi\u0161kio \u201eBruklino\u201c komandoje, ta\u010diau \u017eaisti sal\u0117s futbol\u0105 jam nebuvo lengva. Josephas pra\u0117jusiame sezone \u012fmu\u0161\u0117 apie 20 \u012fvar\u010di\u0173, tad d\u017eiaugiam\u0117s, kad pavyko j\u012f i\u0161laikyti. \u017daid\u017eiant antrojoje lygoje n\u0117ra lengva rasti stabiliai \u012fvar\u010dius mu\u0161an\u010di\u0173 \u017eaid\u0117j\u0173\u201c, \u2013 teig\u0117 komandos vadovas.<\/p>\n\n\n\n<p>\u0160iemet \u201eSveikatoje\u201c legionieri\u0173 bus ir daugiau. Nigerietis Denisas Obina pernai \u017eaid\u0117 Alytaus \u201eDainavoje\u201c, o jo tautietis Brendanas Asomugha m\u016bs\u0173 \u0161alyje rungtyniaus pirm\u0105 syk\u012f. Abu \u017eaid\u0117jai neblogai u\u017esirekomendavo komandos per\u017ei\u016broje, tad nuspr\u0119sta juos pasilikti. Per\u017ei\u016broje dalyvavo ir daugiau legionieri\u0173, ta\u010diau j\u0173 \u017eaidimas ekipos vadov\u0173 ne\u012ftikino, tad ir sutartys nebuvo pasira\u0161ytos.<\/p>\n\n\n\n<p>Tarp svarbi\u0173 naujok\u0173 b\u016btina pamin\u0117ti ir \u201eJonavoje\u201c pernai rungtyniavusius lietuvius Genar\u0105 Samsonik ir Jon\u0105 Ulberk\u012f. Pasak N. Demeniaus, nuo j\u0173 \u017eaidimo daug priklausys ir komandos rezultatai. Ekipos vadovas pasid\u017eiaug\u0117, kad \u201eSveikatoje\u201c liko ir patyr\u0119s marijampolietis Povilas Leimonas, kuris taip pat tur\u0117t\u0173 b\u016bti nepakei\u010diamas aik\u0161t\u0117s vidurio \u017eaid\u0117jas.<\/p>\n\n\n\n<p>\u201eM\u016bs\u0173 rezultatai i\u0161 dalies priklausys ir nuo jaunimo. Pagal taisykles, aik\u0161t\u0117je vienu metu privalo b\u016bti bent vienas \u017eaid\u0117jas iki 18 ir bent vienas iki 20 met\u0173. I\u0161 jaunuoli\u0173 turime Luk\u0105 Katili\u0173, Noj\u0173 Galianov\u0105, Dominyk\u0105 Cimbler\u012f, \u017dygimant\u0105 \u017dilinsk\u0105, Edgar\u0105 Noreik\u0105. Nor\u0117t\u0173si \u012f kiekvien\u0105 pozicij\u0105 tur\u0117ti bent po tris jaunuolius, nes sezonas ilgas. Kai kurie i\u0161 j\u0173 gali i\u0161kristi d\u0117l traum\u0173 ar gaut\u0173 korteli\u0173\u201c, \u2013 svarst\u0117 komandos vadovas.<\/p>\n\n\n\n<p><strong>Tikslas \u2013 pirma lyga<\/strong><\/p>\n\n\n\n<p>N. Demenius nesl\u0117p\u0117, kad \u0161\u012f sezon\u0105 \u201eSveikata\u201c turi tik vien\u0105 tiksl\u0105 \u2013 prasimu\u0161ti \u012f pirm\u0105j\u0105 \u0161alies lyg\u0105. O norint tai pasiekti reik\u0117s bent jau patekti tarp prizinink\u0173.<\/p>\n\n\n\n<p>Visgi tai padaryti nebus lengva, nes konkurencija antrojoje lygoje \u2013 kaip niekada didel\u0117. I\u0161 16 komand\u0173 \u012f prizines vietas, pasak kybartie\u010di\u0173 vadovo, pretenduos bent pus\u0117 ekip\u0173.<\/p>\n\n\n\n<p>\u201eM\u016bs\u0173 lygoje var\u017eosi net \u0161e\u0161ios dubleri\u0173 komandos, kuri\u0173 gretose bet kada gali pasirodyti \u017eaid\u0117jai i\u0161 pagrindini\u0173 ekip\u0173 sud\u0117\u010di\u0173. Taip jau buvo nutik\u0119 pra\u0117jus\u012f sezon\u0105, kuomet \u017eaid\u0117me prie\u0161 Vilniaus \u201e\u017dalgirio\u201c dublerius. J\u0173 sud\u0117tyje t\u0105kart buvo nema\u017eai pagrindin\u0117s ekipos \u017eaid\u0117j\u0173. Tokioms komandoms niekas i\u0161 m\u016bs\u0173 lygos negal\u0117t\u0173 pasiprie\u0161inti.<\/p>\n\n\n\n<p>\u0160iemet \u201eGarliava\u201c neslepia noro laim\u0117ti lyg\u0105, yra nema\u017eai stipri\u0173 komand\u0173 i\u0161 \u017demaitijos. Apskritai, m\u016bs\u0173 lygoje \u0161\u012f sezon\u0105 rungtyniauja daug paj\u0117gi\u0173 legionieri\u0173, kurie kelia bendr\u0105 var\u017eyb\u0173 lyg\u012f\u201c, \u2013 teig\u0117 N. Demenius.<\/p>\n\n\n\n<p>Jis svarst\u0117, kad jei komandai visgi pavykt\u0173 prasimu\u0161ti \u012f pirm\u0105j\u0105 lyg\u0105, grei\u010diausiai joje rungtyniauti b\u016bt\u0173 net lengviau nei antrojoje.<\/p>\n\n\n\n<p>Siekdami atitikti auk\u0161tesn\u0117s lygos reikalavimus kybartie\u010diai planuoja \u012fkurti dubleri\u0173 ekip\u0105, kuri tur\u0117t\u0173 var\u017eytis Kauno apskrities pirmenyb\u0117se. \u012e ekipos sud\u0117t\u012f b\u016bt\u0173 \u012ftraukiami \u012f pagrindin\u0117s komandos gretas nepateksiantys futbolininkai. Taip pat \u201eSveikata\u201c neseniai \u012fregistravo ir moter\u0173 komand\u0105. J\u0105 irgi privaloma tur\u0117ti siekiant gauti pirmosios lygos licencij\u0105.<\/p>\n\n\n\n<p>\u201eNe vienas sirgalius man yra sak\u0119s, kad pergal\u0117s \u012f Kybartus sugr\u012f\u0161 tada, kai tur\u0117sime nauj\u0105 stadion\u0105. Trejus metus nam\u0173 rungtynes \u017eaid\u0117me Vilkavi\u0161kyje, Prienuose, Marijampol\u0117je ir Kaune, tad jau pavargome bla\u0161kytis. Pagaliau, atrodo, kad gal\u0117sime \u017eaisti atnaujintame Kybart\u0173 stadione. Tikiuosi, jog nam\u0173 stadione pergal\u0117mis nuolat d\u017eiuginsime savo aistruolius\u201c, \u2013 vyl\u0117si N. Demenius.<\/p>\n\n\n\n<p>Pirmosios rungtyn\u0117s atnaujintame Kybart\u0173 stadione numatomos jau kit\u0105 \u0161e\u0161tadien\u012f, baland\u017eio 26 d., 14 val., prie\u0161 ambicinguosius \u201eGarliavos\u201c futbolininkus. Tuo tarpu i\u0161kilminga sugr\u012f\u017etuvi\u0173 \u012f savo stadion\u0105 \u0161vent\u0117 planuojama gegu\u017e\u0117s 10 d., 13 val. T\u0105dien \u201eSveikata\u201c \u017eais prie\u0161 Vilniaus rajono \u201eTransinvest B\u201c komand\u0105.<\/p>\n\n\n\n<p><em>Andrius GRYGELAITIS<\/em><\/p>\n\n\n\n<p><strong>Gust\u0117s KEREI\u0160AIT\u0116S nuotr<\/strong>. \u0160\u012f sezon\u0105 Kybart\u0173 \u201eSveikata\u201c nestokoja ambicing\u0173 tiksl\u0173.<\/p>\n\n\n\n<p>Publikuota: &#8222;Santaka&#8221;, 2025-04-18,<\/p>\n\n\n\n<figure class=\"wp-block-embed is-type-wp-embed is-provider-santaka wp-block-embed-santaka\"><div class=\"wp-block-embed__wrapper\">\n<blockquote class=\"wp-embedded-content\" data-secret=\"G5plOLs4WA\"><a href=\"https:\/\/www.santaka.info\/index.php\/2025\/04\/22\/sveikata-vercia-nauja-puslapi\/\">\u201eSveikata\u201c ver\u010dia nauj\u0105 puslap\u012f<\/a><\/blockquote><iframe loading=\"lazy\" class=\"wp-embedded-content\" sandbox=\"allow-scripts\" security=\"restricted\" style=\"position: absolute; visibility: hidden;\" title=\"&#8220;\u201eSveikata\u201c ver\u010dia nauj\u0105 puslap\u012f&#8221; &#8212; Santaka\" src=\"https:\/\/www.santaka.info\/index.php\/2025\/04\/22\/sveikata-vercia-nauja-puslapi\/embed\/#?secret=ZOSFcY1Zbs#?secret=G5plOLs4WA\" data-secret=\"G5plOLs4WA\" width=\"600\" height=\"338\" frameborder=\"0\" marginwidth=\"0\" marginheight=\"0\" scrolling=\"no\"><\/iframe>\n<\/div><\/figure>\n\n\n\n<p><\/p>\n\n\n\n<p><\/p>\n","protected":false},"excerpt":{"rendered":"<p>Naujas treneris, naujas komandos vadovas, nauji \u017eaid\u0117jai, gal\u0173 gale \u2013 naujas stadionas. Taip \u0161iemet atrodo neseniai Lietuvos antrojoje futbolo lygoje sezon\u0105 prad\u0117jusi Kybart\u0173 \u201eSveikatos\u201c komanda. Sutiko ne i\u0161 karto Nauj\u0105<\/p>\n","protected":false},"author":3,"featured_media":3831,"comment_status":"closed","ping_status":"open","sticky":false,"template":"","format":"standard","meta":{"om_disable_all_campaigns":false,"_monsterinsights_skip_tracking":false,"_monsterinsights_sitenote_active":false,"_monsterinsights_sitenote_note":"","_monsterinsights_sitenote_category":0,"_uf_show_specific_survey":0,"_uf_disable_surveys":false,"footnotes":""},"categories":[6,3],"tags":[],"class_list":["post-3830","post","type-post","status-publish","format-standard","has-post-thumbnail","hentry","category-httpwww-fksveikata-lt","category-kybartai-spaudoje"],"aioseo_notices":[],"_links":{"self":[{"href":"https:\/\/kybartai.lt\/lt_lt\/wp-json\/wp\/v2\/posts\/3830","targetHints":{"allow":["GET"]}}],"collection":[{"href":"https:\/\/kybartai.lt\/lt_lt\/wp-json\/wp\/v2\/posts"}],"about":[{"href":"https:\/\/kybartai.lt\/lt_lt\/wp-json\/wp\/v2\/types\/post"}],"author":[{"embeddable":true,"href":"https:\/\/kybartai.lt\/lt_lt\/wp-json\/wp\/v2\/users\/3"}],"replies":[{"embeddable":true,"href":"https:\/\/kybartai.lt\/lt_lt\/wp-json\/wp\/v2\/comments?post=3830"}],"version-history":[{"count":1,"href":"https:\/\/kybartai.lt\/lt_lt\/wp-json\/wp\/v2\/posts\/3830\/revisions"}],"predecessor-version":[{"id":3832,"href":"https:\/\/kybartai.lt\/lt_lt\/wp-json\/wp\/v2\/posts\/3830\/revisions\/3832"}],"wp:featuredmedia":[{"embeddable":true,"href":"https:\/\/kybartai.lt\/lt_lt\/wp-json\/wp\/v2\/media\/3831"}],"wp:attachment":[{"href":"https:\/\/kybartai.lt\/lt_lt\/wp-json\/wp\/v2\/media?parent=3830"}],"wp:term":[{"taxonomy":"category","embeddable":true,"href":"https:\/\/kybartai.lt\/lt_lt\/wp-json\/wp\/v2\/categories?post=3830"},{"taxonomy":"post_tag","embeddable":true,"href":"https:\/\/kybartai.lt\/lt_lt\/wp-json\/wp\/v2\/tags?post=3830"}],"curies":[{"name":"wp","href":"https:\/\/api.w.org\/{rel}","templated":true}]}}