{"id":3941,"date":"2025-12-06T17:35:48","date_gmt":"2025-12-06T15:35:48","guid":{"rendered":"https:\/\/kybartai.lt\/?p=3941"},"modified":"2025-12-06T17:35:48","modified_gmt":"2025-12-06T15:35:48","slug":"sveikatai-iteikti-bronzos-medaliai","status":"publish","type":"post","link":"https:\/\/kybartai.lt\/lt_lt\/sveikatai-iteikti-bronzos-medaliai\/","title":{"rendered":"\u201eSvei\u00adka\u00adtai\u201c \u012fteik\u00adti bron\u00adzos me\u00adda\u00adliai"},"content":{"rendered":"\n<h6 class=\"wp-block-heading\">Ky\u00adbar\u00adt\u0173 kul\u00adt\u016b\u00adros cent\u00adre vy\u00adku\u00adsia\u00adme i\u0161\u00adkil\u00admin\u00adga\u00adme ren\u00adgi\u00adny\u00adje pa\u00adgerb\u00adti ant\u00adro\u00adjo\u00adje \u0161a\u00adlies fut\u00adbo\u00adlo ly\u00adgo\u00adje bron\u00adzos me\u00adda\u00adlius i\u0161\u00adko\u00advo\u00adj\u0119 \u201eSvei\u00adka\u00adtos\u201c klu\u00adbo na\u00adriai.<\/h6>\n\n\n\n<p><strong>Po pen\u00adke\u00adri\u0173 me\u00adt\u0173<\/strong><\/p>\n\n\n\n<p>Per 30 rung\u00adty\u00adni\u0173 i\u0161\u00adko\u00advo\u00adta 21 per\u00adga\u00adl\u0117, 4 dvi\u00adko\u00advos su\u00ad\u017eais\u00adtos ly\u00adgio\u00adsio\u00admis ir pa\u00adtir\u00adti vos 5 pra\u00adlai\u00adm\u0117\u00adji\u00admai. Per \u0161iuos su\u00adsi\u00adti\u00adki\u00admus \u012fmu\u0161\u00adti net 97 \u012fvar\u00ad\u010diai ir \u012f sa\u00advo var\u00adtus pra\u00adleis\u00adta vos 18 taik\u00adli\u0173 var\u00ad\u017eo\u00adv\u0173 sm\u016b\u00adgi\u0173. \u0160ie so\u00adli\u00add\u016bs re\u00adzul\u00adta\u00adtai l\u0117\u00adm\u0117, kad se\u00adniau\u00adsias Lie\u00adtu\u00advos fut\u00adbo\u00adlo klu\u00adbas Ky\u00adbar\u00adt\u0173 \u201eSvei\u00adka\u00adta\u201c po pen\u00adke\u00adri\u0173 me\u00adt\u0173 per\u00adtrau\u00adkos ant\u00adro\u00adjo\u00adje \u0161a\u00adlies ly\u00adgo\u00adje v\u0117l i\u0161\u00adko\u00advo\u00adjo bron\u00adzos me\u00adda\u00adlius.<\/p>\n\n\n\n<p>Jie bu\u00advo \u012fteik\u00adti i\u0161\u00adkil\u00admin\u00adga\u00adme ren\u00adgi\u00adny\u00adje, ku\u00adr\u012f ve\u00add\u0117 ra\u00adjo\u00adno Ta\u00adry\u00adbos na\u00adrys ir ko\u00adman\u00addos fa\u00adnas Min\u00addau\u00adgas Bu\u00ad\u010dins\u00adkas. Tie\u00adsa, \u0161ven\u00adt\u0119 svei\u00adki\u00adni\u00admo \u017eo\u00add\u017eiais pra\u00add\u0117\u00adjo ne jis, o Ky\u00adbar\u00adt\u0173 se\u00adni\u016b\u00adnas Ro\u00admas \u0160u\u00adno\u00adkas, pa\u00adsi\u00add\u017eiau\u00adg\u0119s, jog eki\u00adpa sa\u00advo \u017eai\u00addi\u00admu gar\u00adsi\u00adna Ky\u00adbar\u00adt\u0173 var\u00add\u0105 vi\u00adso\u00adje Lie\u00adtu\u00advo\u00adje. U\u017e nuo\u00adpel\u00adnus mies\u00adtui ko\u00adman\u00addos pre\u00adzi\u00adden\u00adtui Ne\u00adri\u00adjui De\u00adme\u00adniui jis \u012ftei\u00adk\u0117 Ky\u00adbar\u00adt\u0173 v\u0117\u00adlia\u00adv\u0105.<\/p>\n\n\n\n<p>\u0160ven\u00adt\u0117 pra\u00adsi\u00add\u0117\u00adjo sim\u00adbo\u00adli\u0161\u00adkai \u2013 skam\u00adbant klu\u00adbo him\u00adnui \u012f sa\u00adl\u0119 \u012f\u017een\u00adg\u0117 vi\u00adsi jo \u017eai\u00add\u0117\u00adjai, tre\u00adne\u00adriai ir ad\u00admi\u00adnist\u00adra\u00adci\u00adjos dar\u00adbuo\u00adto\u00adjai. Ren\u00adgi\u00adny\u00adje ne\u00adtr\u016b\u00adko svei\u00adki\u00adni\u00admo kal\u00adb\u0173, do\u00adva\u00adn\u0173, pa\u00add\u0117\u00adk\u0173, pri\u00adsi\u00admi\u00adni\u00adm\u0173. Ge\u00adr\u0105 nuo\u00adtai\u00adk\u0105 ga\u00adran\u00adta\u00advo Do\u00adna\u00adto Zie\u00adgo\u00adrai\u00ad\u010dio va\u00addo\u00advau\u00adja\u00admo or\u00adkest\u00adro \u201eKy\u00adbar\u00adtai\u201c ir Gre\u00adtos Zie\u00adgo\u00adrai\u00adtie\u00adn\u0117s ren\u00adgia\u00admos cho\u00adreog\u00adra\u00adfi\u00adn\u0117s gru\u00adp\u0117s na\u00adri\u0173 pa\u00adsi\u00adro\u00addy\u00admai. Kaip ne kar\u00adt\u0105 \u0161ven\u00adt\u0117s me\u00adtu bu\u00advo ak\u00adcen\u00adtuo\u00adta, b\u016b\u00adtent \u201eSvei\u00adka\u00adta\u201c ir or\u00adkest\u00adras yra du la\u00adbiau\u00adsiai Ky\u00adbar\u00adtus gar\u00adsi\u00adnan\u00adtys kolektyvai.<\/p>\n\n\n\n<p><strong>As\u00adme\u00adni\u00adn\u0117s do\u00adva\u00adnos<\/strong><\/p>\n\n\n\n<p>Be\u00adne svar\u00adbiau\u00adsia \u0161ven\u00adt\u0117s da\u00adlis \u2013 \u012fteik\u00adti tre\u00ad\u010dios vie\u00adtos tau\u00adr\u0119 ir me\u00adda\u00adlius \u2013 bu\u00advo pa\u00adti\u00adk\u0117\u00adta Ma\u00adri\u00adjam\u00adpo\u00adl\u0117s ap\u00adskri\u00adties fut\u00adbo\u00adlo fe\u00adde\u00adra\u00adci\u00adjos pre\u00adzi\u00adden\u00adtui \u017dyd\u00adr\u016b\u00adnui Bu\u00adzui bei Lie\u00adtu\u00advos fut\u00adbo\u00adlo fe\u00adde\u00adra\u00adci\u00adjos vyk\u00addo\u00admo\u00adjo ko\u00admi\u00adte\u00adto na\u00adriui Man\u00adtui Ba\u00adbens\u00adkui.<\/p>\n\n\n\n<p>Kar\u00adtu bu\u00advo pa\u00adgerb\u00adti ir Ma\u00adri\u00adjam\u00adpo\u00adl\u0117s ap\u00adskri\u00adties fut\u00adbo\u00adlo fe\u00adde\u00adra\u00adci\u00adjos sta\u00adtu\u00adl\u0117\u00adl\u0117\u00admis ap\u00addo\u00adva\u00adno\u00adti la\u00adbiau\u00adsiai se\u00adzo\u00adno me\u00adtu i\u0161\u00adsi\u00adsky\u00adr\u0119 ko\u00adman\u00addos at\u00adsto\u00advai: tre\u00adne\u00adris Gab\u00adrie\u00adlius Za\u00adgurs\u00adkas, jo asis\u00adten\u00adtas Hen\u00adri\u00adkas Ka\u00adti\u00adlius, kapitonas Man\u00adtas Ke\u00adrei\u00ad\u0161a, \u017eaid\u0117jas Po\u00advi\u00adlas Lei\u00admo\u00adnas, re\u00adzul\u00adta\u00adty\u00adviau\u00adsias eki\u00adpos fut\u00adbo\u00adli\u00adnin\u00adkas, 21 \u012fvar\u00adt\u012f se\u00adzo\u00adne pel\u00adn\u0119s Ro\u00adkas Kru\u0161\u00adnaus\u00adkas, ge\u00adriau\u00adsias ko\u00adman\u00addos gy\u00adn\u0117\u00adjas Bren\u00adda\u00adnas Aso\u00admug\u00adha bei klu\u00adbo va\u00addo\u00advas Ne\u00adri\u00adjus De\u00adme\u00adnius.<\/p>\n\n\n\n<p>Ko\u00adman\u00add\u0105 su i\u0161\u00adko\u00advo\u00adta pri\u00adzi\u00adne vie\u00adta svei\u00adki\u00adn\u0119s \u017d. Bu\u00adzas lin\u00adk\u0117\u00adjo ki\u00adtais me\u00adtais pa\u00adga\u00adliau pra\u00adver\u00adti auk\u0161\u00adtes\u00adn\u0117s, pir\u00admo\u00adsios \u0161a\u00adlies ly\u00adgos, du\u00adris. Jis ra\u00adjo\u00adno me\u00adrui Al\u00adgir\u00addui Nei\u00adber\u00adkai bei vi\u00adce\u00adme\u00adrui Jo\u00adriui Ju\u0161\u00adkaus\u00adkui \u012ftei\u00adk\u0117 Lie\u00adtu\u00advos rink\u00adti\u00adn\u0117s mar\u0161\u00adki\u00adn\u0117\u00adlius.<\/p>\n\n\n\n<p>Pa\u00adgerb\u00adta bu\u00advo ir ko\u00adman\u00addos dub\u00adle\u00adri\u0173 eki\u00adpa, \u0161ie\u00admet Kau\u00adno ir Ma\u00adri\u00adjam\u00adpo\u00adl\u0117s fut\u00adbo\u00adlo fe\u00adde\u00adra\u00adci\u00adjos tre\u00ad\u010dio\u00adsios ly\u00adgos pir\u00adme\u00adny\u00adb\u0117\u00adse u\u017e\u0117\u00admu\u00adsi penk\u00adt\u0105\u00adj\u0105 vie\u00adt\u0105. Eki\u00adpos ka\u00adpi\u00adto\u00adnui Ka\u00adro\u00adliui Ke\u00adrei\u00ad\u0161ai \u012fteik\u00adta tau\u00adr\u0117, o ge\u00adriau\u00adsiam ko\u00adman\u00addos \u017eai\u00add\u0117\u00adjui \u2013 Vai\u00addo\u00adtui Nor\u00adke\u00adli\u016b\u00adnui \u2013 as\u00adme\u00adni\u00adnis pri\u00adzas.<\/p>\n\n\n\n<p><strong>Lai\u00adm\u0117\u00adjo au\u00adto\u00admo\u00adbi\u00adl\u012f<\/strong><\/p>\n\n\n\n<p>Svei\u00adkin\u00adto\u00adj\u0173 bu\u00advo ir dau\u00adgiau. Ra\u00adjo\u00adno me\u00adras A. Nei\u00adber\u00adka u\u017e fut\u00adbo\u00adlo klu\u00adbo tra\u00addi\u00adci\u00adj\u0173 puo\u00adse\u00adl\u0117\u00adji\u00adm\u0105, i\u0161\u00adko\u00advo\u00adtus bron\u00adzos me\u00adda\u00adlius, nuo\u00adla\u00adti\u00adn\u012f in\u00add\u0117\u00adl\u012f ska\u00adti\u00adnant spor\u00adti\u00adn\u0119 veik\u00adl\u0105 Ky\u00adbar\u00adtuo\u00adse ir vi\u00adso\u00adke\u00adrio\u00adp\u0105 pa\u00adra\u00adm\u0105 or\u00adga\u00adni\u00adzuo\u00adjant mies\u00adto ren\u00adgi\u00adnius pa\u00add\u0117\u00adk\u0105 sky\u00adr\u0117 vi\u00adsam \u201eSvei\u00adka\u00adtos\u201c klu\u00adbui. Ra\u00adjo\u00adno va\u00addo\u00advas at\u00adski\u00adrus pa\u00add\u0117\u00adkos ra\u0161\u00adtus taip pat \u012ftei\u00adk\u0117 ko\u00adman\u00addos vy\u00adriau\u00adsia\u00adjam tre\u00adne\u00adriui Gab\u00adrie\u00adliui Za\u00adgurs\u00adkui bei Lie\u00adtu\u00advos fut\u00adbo\u00adlo rink\u00adti\u00adn\u0117s var\u00adti\u00adnin\u00adk\u0173 tre\u00adne\u00adriui, \u201eSvei\u00adka\u00adtos\u201c am\u00adba\u00adsa\u00addo\u00adriui ir klu\u00adbo ta\u00adry\u00adbos na\u00adriui Aud\u00adriui Pa\u0161\u00adke\u00advi\u00ad\u010diui.<\/p>\n\n\n\n<p>Ko\u00adman\u00addos at\u00adsto\u00advus taip pat svei\u00adki\u00adno Sa\u00advi\u00adval\u00addy\u00adb\u0117s vi\u00adce\u00adme\u00adras Jo\u00adris Ju\u0161\u00adkaus\u00adkas, Ky\u00adbar\u00adt\u0173 kul\u00adt\u016b\u00adros cent\u00adro di\u00adrek\u00adto\u00adr\u0117 As\u00adta Venc\u00adkie\u00adn\u0117 ir kiti.<\/p>\n\n\n\n<p>I\u0161\u00adti\u00adki\u00admiau\u00adsius sa\u00advo r\u0117\u00adm\u0117\u00adjus, bi\u00ad\u010diu\u00adlius, par\u00adtne\u00adrius, sir\u00adga\u00adlius bei po\u00adli\u00adti\u00adkus, ku\u00adrie \u012fvai\u00adriais b\u016b\u00addais pri\u00adsi\u00adde\u00adda prie klu\u00adbo gy\u00adva\u00advi\u00admo, pa\u00adger\u00adb\u0117 \u201eSvei\u00adka\u00adtos\u201c pre\u00adzi\u00adden\u00adtas Ne\u00adri\u00adjus De\u00adme\u00adnius, \u012ftei\u00adk\u0119s jiems pa\u00add\u0117\u00adkos ra\u0161\u00adtus, sta\u00adtu\u00adl\u0117\u00adles bei ki\u00adto\u00adkio po\u00adb\u016b\u00add\u017eio do\u00adva\u00adnas.<\/p>\n\n\n\n<p>Vie\u00adnam sir\u00adga\u00adliui ypa\u010d pa\u00adsi\u00adse\u00adk\u0117. Vi\u00ads\u0105 se\u00adzo\u00adn\u0105 eki\u00adpos ger\u00adb\u0117\u00adjai bu\u00advo kvie\u00ad\u010dia\u00admi Ky\u00adbar\u00adt\u0173 sta\u00addio\u00adne gy\u00advai ste\u00adb\u0117\u00adti ko\u00adman\u00addos na\u00adm\u0173 rung\u00adty\u00adnes ir lai\u00adm\u0117\u00adti r\u0117\u00adm\u0117\u00adj\u0173 \u012fsteig\u00adt\u0105 priz\u0105 \u2013 \u201eRo\u00adver Mi\u00adni Coo\u00adper\u201c au\u00adto\u00admo\u00adbi\u00adl\u012f. S\u0117k\u00adm\u0117 nu\u00adsi\u00ad\u0161yp\u00adso\u00adjo i\u0161\u00adti\u00adki\u00admam eki\u00adpos ger\u00adb\u0117\u00adjui Sau\u00adliui Vi\u00adli\u00admui. Jam lai\u00adm\u0117\u00adtas pri\u00adzas bu\u00advo \u012fteik\u00adtas dar prie\u0161 se\u00adzo\u00adno u\u017e\u00adda\u00adry\u00admo \u0161ven\u00adt\u0119.<\/p>\n\n\n\n<p><em>And\u00adrius GRY\u00adGE\u00adLAI\u00adTIS<\/em><\/p>\n\n\n\n<p>Autoriaus nuotr. <em>Tre\u010dios vietos taur\u0117 \u2013 komandos kapitono Manto Kerei\u0161os rankose.\u00a0<\/em><\/p>\n\n\n\n<p>Spublikuota: &#8222;Santaka&#8221;, 2025-12-05,<\/p>\n\n\n\n<figure class=\"wp-block-embed is-type-wp-embed is-provider-santaka wp-block-embed-santaka\"><div class=\"wp-block-embed__wrapper\">\n<blockquote class=\"wp-embedded-content\" data-secret=\"ydgStf7FHm\"><a href=\"https:\/\/www.santaka.info\/index.php\/2025\/12\/05\/sveikatai-iteikti-bronzos-medaliai\/\">\u201eSvei\u00adka\u00adtai\u201c \u012fteik\u00adti bron\u00adzos me\u00adda\u00adliai<\/a><\/blockquote><iframe loading=\"lazy\" class=\"wp-embedded-content\" sandbox=\"allow-scripts\" security=\"restricted\" style=\"position: absolute; visibility: hidden;\" title=\"&#8220;\u201eSvei\u00adka\u00adtai\u201c \u012fteik\u00adti bron\u00adzos me\u00adda\u00adliai&#8221; &#8212; Santaka\" src=\"https:\/\/www.santaka.info\/index.php\/2025\/12\/05\/sveikatai-iteikti-bronzos-medaliai\/embed\/#?secret=gxQ8vXcZ5N#?secret=ydgStf7FHm\" data-secret=\"ydgStf7FHm\" width=\"600\" height=\"338\" frameborder=\"0\" marginwidth=\"0\" marginheight=\"0\" scrolling=\"no\"><\/iframe>\n<\/div><\/figure>\n","protected":false},"excerpt":{"rendered":"<p>Ky\u00adbar\u00adt\u0173 kul\u00adt\u016b\u00adros cent\u00adre vy\u00adku\u00adsia\u00adme i\u0161\u00adkil\u00admin\u00adga\u00adme ren\u00adgi\u00adny\u00adje pa\u00adgerb\u00adti ant\u00adro\u00adjo\u00adje \u0161a\u00adlies fut\u00adbo\u00adlo ly\u00adgo\u00adje bron\u00adzos me\u00adda\u00adlius i\u0161\u00adko\u00advo\u00adj\u0119 \u201eSvei\u00adka\u00adtos\u201c klu\u00adbo na\u00adriai. Po pen\u00adke\u00adri\u0173 me\u00adt\u0173 Per 30 rung\u00adty\u00adni\u0173 i\u0161\u00adko\u00advo\u00adta 21 per\u00adga\u00adl\u0117, 4 dvi\u00adko\u00advos su\u00ad\u017eais\u00adtos ly\u00adgio\u00adsio\u00admis<\/p>\n","protected":false},"author":3,"featured_media":3942,"comment_status":"closed","ping_status":"open","sticky":false,"template":"","format":"standard","meta":{"om_disable_all_campaigns":false,"_monsterinsights_skip_tracking":false,"_monsterinsights_sitenote_active":false,"_monsterinsights_sitenote_note":"","_monsterinsights_sitenote_category":0,"_uf_show_specific_survey":0,"_uf_disable_surveys":false,"footnotes":""},"categories":[6,3],"tags":[],"class_list":["post-3941","post","type-post","status-publish","format-standard","has-post-thumbnail","hentry","category-httpwww-fksveikata-lt","category-kybartai-spaudoje"],"aioseo_notices":[],"_links":{"self":[{"href":"https:\/\/kybartai.lt\/lt_lt\/wp-json\/wp\/v2\/posts\/3941","targetHints":{"allow":["GET"]}}],"collection":[{"href":"https:\/\/kybartai.lt\/lt_lt\/wp-json\/wp\/v2\/posts"}],"about":[{"href":"https:\/\/kybartai.lt\/lt_lt\/wp-json\/wp\/v2\/types\/post"}],"author":[{"embeddable":true,"href":"https:\/\/kybartai.lt\/lt_lt\/wp-json\/wp\/v2\/users\/3"}],"replies":[{"embeddable":true,"href":"https:\/\/kybartai.lt\/lt_lt\/wp-json\/wp\/v2\/comments?post=3941"}],"version-history":[{"count":1,"href":"https:\/\/kybartai.lt\/lt_lt\/wp-json\/wp\/v2\/posts\/3941\/revisions"}],"predecessor-version":[{"id":3943,"href":"https:\/\/kybartai.lt\/lt_lt\/wp-json\/wp\/v2\/posts\/3941\/revisions\/3943"}],"wp:featuredmedia":[{"embeddable":true,"href":"https:\/\/kybartai.lt\/lt_lt\/wp-json\/wp\/v2\/media\/3942"}],"wp:attachment":[{"href":"https:\/\/kybartai.lt\/lt_lt\/wp-json\/wp\/v2\/media?parent=3941"}],"wp:term":[{"taxonomy":"category","embeddable":true,"href":"https:\/\/kybartai.lt\/lt_lt\/wp-json\/wp\/v2\/categories?post=3941"},{"taxonomy":"post_tag","embeddable":true,"href":"https:\/\/kybartai.lt\/lt_lt\/wp-json\/wp\/v2\/tags?post=3941"}],"curies":[{"name":"wp","href":"https:\/\/api.w.org\/{rel}","templated":true}]}}