{"id":459,"date":"2016-04-08T10:31:17","date_gmt":"2016-04-08T07:31:17","guid":{"rendered":"http:\/\/godaddy.kybartai.lt\/lab\/?p=459"},"modified":"2016-04-08T10:31:17","modified_gmt":"2016-04-08T07:31:17","slug":"pastatai-niokojami-o-atsakingu-nera","status":"publish","type":"post","link":"https:\/\/kybartai.lt\/lt_lt\/pastatai-niokojami-o-atsakingu-nera\/","title":{"rendered":"Pastatai niokojami, o atsaking\u0173 n\u0117ra"},"content":{"rendered":"<p><strong>Kybartai pradeda pana\u0161\u0117ti \u012f vaiduokli\u0173 miest\u0105. Jame vis daug\u0117ja apgriuvusi\u0173, nuniokot\u0173, u\u017ekaltais langais pastat\u0173. Toki\u0105 tendencij\u0105 pasteb\u0117jo patys kybartie\u010diai ir savo nuomon\u0119 i\u0161sak\u0117 u\u017esuk\u0119 ar paskambin\u0119 \u012f redakcij\u0105.<\/strong><\/p>\n<p>\u2013 Man nesuvokiama, kaip \u0161itaip niekas u\u017e niek\u0105 neatsako, \u2013 pasakojo ne\u017einomas likti nor\u0117j\u0119s kybartietis. \u2013 Juk daugelis statini\u0173 suniokoti pa\u010di\u0173 \u017emoni\u0173 rankomis. Nors nieko nedar\u0117, kad sutvarkyt\u0173 savo aplaidumo rezultatus, kurie pakenk\u0117 Kybartuose esantiems pastatams, prie\u0161 \u012fstatym\u0105 jie \u2013 tyri.<\/p>\n<p>Kalb\u0117dami apie suniokotus pastatus kybartie\u010diai galvoje tur\u0117jo jau 16 met\u0173 Pasaulio kybartie\u010di\u0173 draugijos pastangomis bandom\u0105 atstatyti J. Basanavi\u010diaus g. 38-\u0105 nam\u0105 bei neseniai sudegint\u0105 Kudirkos Naumies\u010dio g. 12-\u0105 nam\u0105, vietini\u0173 vadinam\u0105 \u201eGulb\u0117s sale\u201c.<\/p>\n<p>\u012e antr\u0105 de\u0161imtmet\u012f perkopusi centre esan\u010dio namo-vaiduoklio, dabar apdengto \u017ealia mar\u0161ka, istorija kybartie\u010di\u0173 neu\u017emir\u0161ta. \u017dmon\u0117s dar ir dabar pyksta, jog tuomet, kai nam\u0105 dar buvo galima aplopyti, vald\u017eia nepareikalavo u\u017e tai atsakyti b\u016bsto, kuriame kilo gaisras, savinink\u0117s Svetlanos Kantautien\u0117s. O dabar, kai laikas ir gamta gerokai apgadino unikal\u0173 statin\u012f, jam gelb\u0117ti tenka rinkti did\u017eiules l\u0117\u0161as. Be to, kybartie\u010diai tarpusavyje svarsto, kad nam\u0105 gelb\u0117ti pasi\u0161ovusi draugija labai suklydo papra\u0161iusi \u012ftraukti min\u0117t\u0105 statin\u012f \u012f paveldo objekt\u0173 s\u0105ra\u0161\u0105, nes i\u0161 Kult\u016bros paveldo departamento l\u0117\u0161\u0173 jo remontui negauta, o \u012fpareigojantis statusas tik i\u0161k\u0117l\u0117 darb\u0173 kain\u0105 iki nereg\u0117t\u0173 auk\u0161tum\u0173.<\/p>\n<p>Vietiniams gaila ir \u012fdomios formos statinio, esan\u010dio Kudirkos Naumies\u010dio gatv\u0117je. Pasak bendruomen\u0117s pirmininko Vito Katkevi\u010diaus, namas jau deg\u0117 kokius penkis kartus. Ta\u010diau baisiausias gaisras kilo praeit\u0105 spal\u012f vietiniam \u201e\u012f\u017eymybei\u201c Renatui Stepulai\u010diui priklausan\u010diame socialiniame b\u016bste. Jis kybartie\u010diui suteiktas Savivaldyb\u0117s, nors \u201eremtinasis\u201c i\u0161 tikr\u0173j\u0173 gyvena Sm\u0117lyno gatv\u0117je esan\u010diame did\u017eiuliame name. Keista, kod\u0117l \u017emogui, kuris turi gyvenam\u0105j\u0105 viet\u0105, skirtas socialinis b\u016bstas, nors kitos \u0161eimos jo laukia ne vienus metus.<\/p>\n<p>B\u016btent R. Stepulai\u010diui priklausan\u010diame bute kilo gaisras, per kur\u012f sprogo viename tre\u010diojo auk\u0161to bute stov\u0117j\u0119s duj\u0173 balionas. Tikriausiai daugiabutyje per tok\u012f sprogim\u0105 neb\u016bt\u0173 i\u0161vengta nukent\u0117jusi\u0173j\u0173, ta\u010diau \u201eGulb\u0117s sal\u0117je\u201c jau senokai beveik niekas negyvena. Mat \u0161iame name niekada nebuvo nei vandentiekio, nei kanalizacijos, nors \u0161i\u0173 patogum\u0173 trasos u\u017e europinius pinigus visai neseniai paklotos netoliese. Prie\u0161 did\u012fj\u012f gaisr\u0105 namas irgi deg\u0117. Kybartie\u010diai pasakojo, jog u\u017e prisidarytas skolas da\u017enai padegamas vienam rom\u0173 tautyb\u0117s atstovui priklausantis b\u016bstas pirmame auk\u0161te.<\/p>\n<p>Taigi, atrodo, kad \u201eGulb\u0117s sal\u0117\u201c jau sugiedojo savo gulb\u0117s giesm\u0119. Ka\u017ekada buv\u0119s gra\u017eus pastatas greitai i\u0161nyks. Mat j\u012f neseniai paliko paskutinis gyventojas, o i\u0161eidamas i\u0161\u0117m\u0117 net savo b\u016bsto langus ir kiaurymes u\u017ekal\u0117 fanera.<\/p>\n<p>\u2013 Dar\u0117me namo savinink\u0173 susirinkim\u0105, ta\u010diau j\u0173 at\u0117jo tik keli, \u2013 pasakojo seni\u016bnas Romas \u0160unokas. \u2013 Tame pastate yra trys socialiniai b\u016bstai, bet tvarkyti juos jau netikslinga. Tod\u0117l \u0161iuo metu duoti nurodymai UAB \u201eKybart\u0173 darna\u201c, kad pateikt\u0173 tris s\u0105matas: namo remonto, konservavimo ir nugriovimo. \u017di\u016br\u0117sime, koks variantas bus palankiausias.<\/p>\n<p>Pasak seni\u016bno, b\u016bst\u0173 savininkai bus apklausiami, ar jie sutikt\u0173 prisid\u0117ti prie remonto. Ta\u010diau atsakymas ir taip ai\u0161kus: toki\u0173 but\u0173 vert\u0117 nedidel\u0117, tad \u201eki\u0161ti\u201c pinigus, kurie ai\u0161kiai vir\u0161ys b\u016bsto kain\u0105, neapsimoka. Tad ir daug\u0117ja Kybartuose niekam nereikaling\u0173 b\u016bst\u0173. Vert\u0117 j\u0173 nedidel\u0117, remontas brangus, tad tegul gri\u016bva&#8230; O visi priekai\u0161tai atitenka seni\u016bnijai ir rajono vald\u017eiai. Tik \u0161ios es\u0105 neturi nei \u012fstatymais suteikt\u0173 gali\u0173, nei toki\u0173 l\u0117\u0161\u0173, kad gal\u0117t\u0173 pri\u017ei\u016br\u0117ti visus apleistus ir niokojamus pastatus. Taigi problema perkeliama ant valstyb\u0117s pe\u010di\u0173.<\/p>\n<p><em>Kristina \u017dALNIERUKYNAIT\u0116<\/em><\/p>\n<p><em>Autor\u0117s nuotr. Dar neseniai gyvenam\u0105, bet dabar gaisr\u0173 nuniokot\u0105, u\u017em\u016brytais langais \u201eGulb\u0117s sal\u0119\u201c jau apleido ir paskutinis gyventojas.<\/em><\/p>\n<p><em>Publikuota: &#8222;Santaka&#8221;, 2016-04-09.<\/em>    \t<\/p>\n","protected":false},"excerpt":{"rendered":"<p>Kybartai pradeda pana\u0161\u0117ti \u012f vaiduokli\u0173 miest\u0105. Jame vis daug\u0117ja apgriuvusi\u0173, nuniokot\u0173, u\u017ekaltais langais pastat\u0173. Toki\u0105 tendencij\u0105 pasteb\u0117jo patys kybartie\u010diai ir savo nuomon\u0119 i\u0161sak\u0117 u\u017esuk\u0119 ar paskambin\u0119 \u012f redakcij\u0105. \u2013 Man<\/p>\n","protected":false},"author":2,"featured_media":460,"comment_status":"open","ping_status":"open","sticky":false,"template":"","format":"standard","meta":{"om_disable_all_campaigns":false,"_monsterinsights_skip_tracking":false,"_monsterinsights_sitenote_active":false,"_monsterinsights_sitenote_note":"","_monsterinsights_sitenote_category":0,"_uf_show_specific_survey":0,"_uf_disable_surveys":false,"footnotes":""},"categories":[16,4],"tags":[],"class_list":["post-459","post","type-post","status-publish","format-standard","has-post-thumbnail","hentry","category-aktualijos","category-miestas"],"aioseo_notices":[],"_links":{"self":[{"href":"https:\/\/kybartai.lt\/lt_lt\/wp-json\/wp\/v2\/posts\/459","targetHints":{"allow":["GET"]}}],"collection":[{"href":"https:\/\/kybartai.lt\/lt_lt\/wp-json\/wp\/v2\/posts"}],"about":[{"href":"https:\/\/kybartai.lt\/lt_lt\/wp-json\/wp\/v2\/types\/post"}],"author":[{"embeddable":true,"href":"https:\/\/kybartai.lt\/lt_lt\/wp-json\/wp\/v2\/users\/2"}],"replies":[{"embeddable":true,"href":"https:\/\/kybartai.lt\/lt_lt\/wp-json\/wp\/v2\/comments?post=459"}],"version-history":[{"count":0,"href":"https:\/\/kybartai.lt\/lt_lt\/wp-json\/wp\/v2\/posts\/459\/revisions"}],"wp:featuredmedia":[{"embeddable":true,"href":"https:\/\/kybartai.lt\/lt_lt\/wp-json\/wp\/v2\/media\/460"}],"wp:attachment":[{"href":"https:\/\/kybartai.lt\/lt_lt\/wp-json\/wp\/v2\/media?parent=459"}],"wp:term":[{"taxonomy":"category","embeddable":true,"href":"https:\/\/kybartai.lt\/lt_lt\/wp-json\/wp\/v2\/categories?post=459"},{"taxonomy":"post_tag","embeddable":true,"href":"https:\/\/kybartai.lt\/lt_lt\/wp-json\/wp\/v2\/tags?post=459"}],"curies":[{"name":"wp","href":"https:\/\/api.w.org\/{rel}","templated":true}]}}