{"id":468,"date":"2016-03-26T10:36:08","date_gmt":"2016-03-26T07:36:08","guid":{"rendered":"http:\/\/godaddy.kybartai.lt\/lab\/?p=468"},"modified":"2016-03-26T10:36:08","modified_gmt":"2016-03-26T07:36:08","slug":"ugniagesiu-komanda-tarp-zemes-ir-dangaus","status":"publish","type":"post","link":"https:\/\/kybartai.lt\/lt_lt\/ugniagesiu-komanda-tarp-zemes-ir-dangaus\/","title":{"rendered":"Ugniagesi\u0173 komanda \u2013 tarp \u017eem\u0117s ir dangaus"},"content":{"rendered":"<p><strong>Vilkavi\u0161k\u012f pasiek\u0119s Prie\u0161gaisrin\u0117s apsaugos ir gelb\u0117jimo departamento (PAGD) ra\u0161tas pas\u0117jo nerim\u0105: kam priklausys Kybart\u0173 ugniagesiai \u2013 departamentui ar Savivaldybei? Mat pasikeitus priklausomybei bei juridiniam statusui atsirast\u0173 ir gyventojams nenauding\u0173 poky\u010di\u0173.<\/strong><\/p>\n<p><em><strong>Gavo generolo ra\u0161t\u0105<\/strong><\/em><br \/>\nPra\u0117jusi\u0105 savait\u0119 Vilkavi\u0161kyje lank\u0117si PAGD direktorius, vidaus tarnybos generolas Remigijus Baniulis. Auk\u0161tas pareig\u016bnas atvyko pasikalb\u0117ti su rajono Savivaldyb\u0117s administracija.<\/p>\n<p>Kalba \u0117jo apie Kybart\u0173 komandos perdavim\u0105. Mat neseniai Vilkavi\u0161k\u012f pasiek\u0117 paties generolo R. Baniulio pasira\u0161ytas ra\u0161tas, kuriame departamentas si\u016blo apsvarstyti galimyb\u0119 Kybart\u0173 komand\u0105 perduoti Vilkavi\u0161kio rajono savivaldybei.<\/p>\n<p>Pagrindinis ra\u0161te pacituotas argumentas \u2013 2016 m. sausio 1 d. pasikeit\u0119s Prie\u0161gaisrin\u0117s saugos \u012fstatymas, kuriame numatyta, kad \u201eValstybin\u0117 prie\u0161gaisrin\u0117 gelb\u0117jimo tarnyba steigiama Lietuvos Respublikos teritorijos administracini\u0173 vienet\u0173 centruose\u201c.<\/p>\n<p>Vilkavi\u0161kio prie\u0161gaisrin\u0117s gelb\u0117jimo tarnybos vir\u0161ininkas Erlandas Armanavi\u010dius teig\u0117, jog naujasis \u012fstatymas paliet\u0117 ne vien m\u016bs\u0173 rajon\u0105, bet dar 7 ar 8 ugniagesi\u0173 komandas Lietuvoje. Anot pareig\u016bno, kol kas visur vyksta diskusijos, konkre\u010di\u0173 reform\u0173 dar nesiimta.<\/p>\n<p><em><strong>Darbo pob\u016bdis skiriasi<\/strong><\/em><br \/>\nPriminsime, kad \u0161iuo metu PAGD m\u016bs\u0173 rajone pavaldi Vilkavi\u0161kio prie\u0161gaisrin\u0117 gelb\u0117jimo tarnyba ir Kybart\u0173 komanda. Jos abi finansuojamos tiesiai i\u0161 departamento (per Marijampol\u0117s apskrities prie\u0161gaisrin\u0119 gelb\u0117jimo valdyb\u0105). Pagrindinis j\u0173 skirtumas \u2013 Vilkavi\u0161kio komanda yra statutin\u0117, o kybartie\u010diai dirba pagal darbo sutartis. Ta\u010diau j\u0173 darbo pob\u016bdis vienodas: ir vieni, ir kiti dirba su kv\u0117pavimo aparatais, gali dalyvauti cheminiuose ar radiaciniuose incidentuose, turi atlikti vienodus profesinius normatyvus ir kt.<\/p>\n<p>Savivaldybei \u0161iuo metu priklauso penkios kaimo ugniagesi\u0173 komandos: Pilvi\u0161ki\u0173, Vi\u0161ty\u010dio, Rausv\u0117s, Gra\u017ei\u0161ki\u0173 ir Sod\u0117n\u0173. Jas finansuoja Savivaldyb\u0117 i\u0161 departamento skiriam\u0173 l\u0117\u0161\u0173. \u0160i\u0173 komand\u0173 ugniagesiams keliami ma\u017eesni profesiniai reikalavimai, jie nedirba su kv\u0117pavimo aparatais ir pan.<\/p>\n<p><em><strong>Suma\u017e\u0117t\u0173 \u017emoni\u0173<\/strong><\/em><br \/>\nKas atsitikt\u0173, jei departamentui pavaldi tarnyba pereit\u0173 \u012f Savivaldyb\u0117s glob\u0105?<\/p>\n<p>Vis\u0173 pirma, suma\u017e\u0117t\u0173 komandoje dirban\u010di\u0173 \u017emoni\u0173 skai\u010dius iki tiek, kiek numato galiojantys \u012fstatymai.<\/p>\n<p>\u2013 Kybart\u0173 komandoje dirba 14 \u017emoni\u0173, kiekvienoje pamainoje budi po tris. Savivaldyb\u0117s ugniagesi\u0173 komandose, remiantis numatyta vidaus reikal\u0173 ministro patvirtinta tvarka, \u0161iuo metu yra po 9 etatus ir pamainoje budi po du \u017emones. Bet ir tai \u2013 tik laikina, nes ateityje, kai bus pereita prie ugniagesi\u0173 savanoryst\u0117s, Savivaldybi\u0173 komandose planuojama palikti dirbti tik po 5 \u017emones, t. y. po vien\u0105 budint\u012f pamainoje. Kas bus, jei Kybartuose dirbs tik vienas ugniagesys? Juk Kybartai \u2013 ne kaimas, ten daug svarbi\u0173 objekt\u0173, daugiau nei 5 t\u016bkst. gyventoj\u0173. Be to, Kybart\u0173 ugniagesiai \u201edengia\u201c ir Virbal\u012f. Kybartie\u010diai dirba ir su kv\u0117pavimo aparatais, gelb\u0117jimo \u012franga. Tapus Savivaldyb\u0117s komanda, toki\u0173 dalyk\u0173 tekt\u0173 atsisakyti, nes vienas budintis \u017emogus su kv\u0117pavimo aparatu dirbti niekaip negali. Be to, ir \u0161iems aparatams i\u0161laikyti (balionams pildyti, prie\u017ei\u016brai ir pan.) tikrai nebus pinig\u0173, jei kaimo ugniagesi\u0173 finansavimas bus tik toks, koks yra dabar. Mes juk durstome gal\u0105 su galu, \u2013 kalb\u0117jo Vilkavi\u0161kio rajono prie\u0161gaisrin\u0117s tarnybos vir\u0161ininkas Audronius Stroginis, vadovaujantis penkioms rajono Savivaldyb\u0117s ugniagesi\u0173 komandoms.<\/p>\n<p><em><strong>Reikia rimtos tarnybos<\/strong><\/em><br \/>\nTaigi, \u017einodama situacij\u0105 Savivaldyb\u0117s vadovyb\u0117 perimti Kybart\u0173 komandos niekaip nenori. Per susitikim\u0105 toki\u0105 pozicij\u0105 meras Algirdas Neiberka ir i\u0161d\u0117st\u0117 R. Baniuliui.<\/p>\n<p>\u2013 Pasakiau, kad tame ra\u0161te nebuvo pacituota likusi \u012fstatymo dalis. O joje numatyta, jog tokia tarnyba gali b\u016bti ne tik administraciniuose centruose, bet \u201eir gaisro at\u017evilgiu pavojinguose objektuose, kai sudaromos sutartys su Prie\u0161gaisrin\u0117s apsaugos ir gelb\u0117jimo departamentu\u201c. Susitikime, kuriame, be PAGD direktoriaus R. Baniulio, dalyvavo ir Marijampol\u0117sapskrities PGV vir\u0161ininkas Vidas Barauskas bei Vilkavi\u0161kio PGT vir\u0161ininkas E. Armanavi\u010dius, i\u0161d\u0117s\u010diau, kad Kybartai yra miestas, \u0161ioje seni\u016bnijoje esama apie 6 t\u016bkst. gyventoj\u0173. Tai \u2013 pasienis su Rusija, yra muitin\u0117, kal\u0117jimas, gele\u017einkelio stotis, didel\u0117 tr\u0105\u0161\u0173 gamykla, terminale stovi eil\u0117s vilkik\u0173. Tokiame mieste tikrai yra reikalinga rimta prie\u0161gaisrin\u0117 tarnyba, o ne savanoryste paremta organizacija, \u2013 kalb\u0117jo A. Neiberka.<\/p>\n<p>Anot mero, kalbos d\u0117l Kybart\u0173 komandos perdavimo \u0117jo ir anks\u010diau \u2013 jau tada Savivaldyb\u0117s tarybos nariai buvo kategori\u0161kai prie\u0161 toki\u0105 reform\u0105.<\/p>\n<p>Beje, gaisr\u0173 skai\u010diumi Kybart\u0173 seni\u016bnija da\u017enai lenkia kitas rajono seni\u016bnijas. Pavyzd\u017eiui, 2014 m. Kybart\u0173 seni\u016bnijoje kilo net 44 gaisrai, o Vilkavi\u0161kio \u2013 10.<\/p>\n<p><em><strong>I\u0161siunt\u0117 atsakom\u0105j\u012f ra\u0161t\u0105<\/strong><\/em><br \/>\nPo susitikimo Savivaldyb\u0117s administracijoje buvo sutarta, \u2013 tiesa, kol kas tik \u017eod\u017eiu, \u2013 jog bent jau \u0161iais metais kardinali\u0173 reform\u0173 nebus imtasi ir Kybart\u0173 komanda Savivaldybei perduota dar nebus.<\/p>\n<p>Kad neoficialus susitarimas \u012fgaut\u0173 ir teisin\u012f pagrind\u0105, \u0161ios savait\u0117s pabaigoje Savivaldyb\u0117 i\u0161siunt\u0117 PAGD oficial\u0173 argumentais paremt\u0105 ra\u0161t\u0105.<\/p>\n<p>M\u016bs\u0173 rajono vadovai buvo nuvyk\u0119 ap\u017ei\u016br\u0117ti ir pa\u010dios Kybart\u0173 ugniagesi\u0173 komandos. Meras nesl\u0117p\u0117, kad nei patys pastatai, nei jau \u012f penkt\u0105 de\u0161imtmet\u012f \u201e\u012fried\u0117jusi\u201c prie\u0161gaisrin\u0117 technika gero \u012fsp\u016bd\u017eio nepaliko.<\/p>\n<p>Pats generolas R. Baniulis nuvyko aplankyti Vilkavi\u0161kio PGT, bet pa\u017ei\u016br\u0117ti, kaip atrodo Kybartai ir ten esanti gaisrin\u0117, neva\u017eiavo.<\/p>\n<p><em>Egl\u0117 MI\u010cIULIEN\u0116<\/em><\/p>\n<p><em>Autor\u0117s nuotr. Kybart\u0173 komandos I pamainos ugniagesiai Vytautas Krupavi\u010dius, Algimantas Baltru\u0161aitis ir Linas Vasiliauskas, kaip ir kit\u0173 pamain\u0173 vyrai, dabar budi trise. Ta\u010diau perdavus komand\u0105 Savivaldybei, bud\u0117ti likt\u0173 du, o v\u0117liau \u2013 tik vienas ugniagesys.<\/em><\/p>\n<p><em>Publikuota: &#8222;Santaka&#8221;, 2016-03-26.<\/em>    \t<\/p>\n","protected":false},"excerpt":{"rendered":"<p>Vilkavi\u0161k\u012f pasiek\u0119s Prie\u0161gaisrin\u0117s apsaugos ir gelb\u0117jimo departamento (PAGD) ra\u0161tas pas\u0117jo nerim\u0105: kam priklausys Kybart\u0173 ugniagesiai \u2013 departamentui ar Savivaldybei? Mat pasikeitus priklausomybei bei juridiniam statusui atsirast\u0173 ir gyventojams nenauding\u0173 poky\u010di\u0173.<\/p>\n","protected":false},"author":2,"featured_media":469,"comment_status":"open","ping_status":"open","sticky":false,"template":"","format":"standard","meta":{"om_disable_all_campaigns":false,"_monsterinsights_skip_tracking":false,"_monsterinsights_sitenote_active":false,"_monsterinsights_sitenote_note":"","_monsterinsights_sitenote_category":0,"_uf_show_specific_survey":0,"_uf_disable_surveys":false,"footnotes":""},"categories":[16,4],"tags":[],"class_list":["post-468","post","type-post","status-publish","format-standard","has-post-thumbnail","hentry","category-aktualijos","category-miestas"],"aioseo_notices":[],"_links":{"self":[{"href":"https:\/\/kybartai.lt\/lt_lt\/wp-json\/wp\/v2\/posts\/468","targetHints":{"allow":["GET"]}}],"collection":[{"href":"https:\/\/kybartai.lt\/lt_lt\/wp-json\/wp\/v2\/posts"}],"about":[{"href":"https:\/\/kybartai.lt\/lt_lt\/wp-json\/wp\/v2\/types\/post"}],"author":[{"embeddable":true,"href":"https:\/\/kybartai.lt\/lt_lt\/wp-json\/wp\/v2\/users\/2"}],"replies":[{"embeddable":true,"href":"https:\/\/kybartai.lt\/lt_lt\/wp-json\/wp\/v2\/comments?post=468"}],"version-history":[{"count":0,"href":"https:\/\/kybartai.lt\/lt_lt\/wp-json\/wp\/v2\/posts\/468\/revisions"}],"wp:featuredmedia":[{"embeddable":true,"href":"https:\/\/kybartai.lt\/lt_lt\/wp-json\/wp\/v2\/media\/469"}],"wp:attachment":[{"href":"https:\/\/kybartai.lt\/lt_lt\/wp-json\/wp\/v2\/media?parent=468"}],"wp:term":[{"taxonomy":"category","embeddable":true,"href":"https:\/\/kybartai.lt\/lt_lt\/wp-json\/wp\/v2\/categories?post=468"},{"taxonomy":"post_tag","embeddable":true,"href":"https:\/\/kybartai.lt\/lt_lt\/wp-json\/wp\/v2\/tags?post=468"}],"curies":[{"name":"wp","href":"https:\/\/api.w.org\/{rel}","templated":true}]}}