{"id":51,"date":"2013-02-16T01:01:13","date_gmt":"2013-02-15T22:01:13","guid":{"rendered":"http:\/\/godaddy.kybartai.lt\/lab\/?p=51"},"modified":"2013-02-16T01:01:13","modified_gmt":"2013-02-15T22:01:13","slug":"per-du-desimtmecius-menu-centras-patyre-ir-silto-ir-salto","status":"publish","type":"post","link":"https:\/\/kybartai.lt\/lt_lt\/per-du-desimtmecius-menu-centras-patyre-ir-silto-ir-salto\/","title":{"rendered":"Per du de\u0161imtme\u010dius men\u0173 centras patyr\u0117 ir \u0161ilto, ir \u0161alto"},"content":{"rendered":"<p style=\"text-align: left;\" align=\"center\"><strong>Ilgamet\u0117 Vilkavi\u0161kio rajono \u017emoni\u0173 su negalia reabilitacinis speciali\u0173 men\u0173 centro &#8222;Gyvyb\u0117s j\u0117ga&#8221; vadov\u0117 ir viena i\u0161 \u012fk\u016br\u0117j\u0173 Bron\u0117 Vy\u0161niauskien\u0117 prisimena\u00a0 centro steigimo ir gyvavimo akimirkas, ry\u0161k\u0173 p\u0117dsak\u0105 palikusius tautodailininkus bei neatsiejam\u0105 meno \u012ftak\u0105 jos gyvenimui. <\/strong><\/p>\n<p style=\"text-align: left;\" align=\"center\">Nestokodama pagalbos kitiems, moteris per ilgus metus i\u0161band\u0117 ne vien\u0105 meno \u0161ak\u0105 bei technik\u0105 ir dabar gali pasid\u017eiaugti de\u0161imtimis savo k\u016brini\u0173.<\/p>\n<p><strong>Pirmoji autorin\u0117 paroda<\/strong><\/p>\n<p>\u201cMan be galo malonu parodyti ir demonstruoti kit\u0173 darbus, gera d\u017eiaugtis j\u0173 pasiekimais ir k\u016briniais\u201d,- teig\u0117 pagyr\u0173 sau vengianti pa\u0161nekov\u0117. Per du de\u0161imtme\u010dius sukauptus darbus, ji pirm\u0105 kart\u0105 i\u0161rikiavo men\u0173 centro sal\u0117je. Netoli Patil\u010di\u0173 kaimo (Marijampol\u0117s sen.) gimusi tautodailinink\u0117, jau beveik keturis de\u0161imtme\u010dius gyvena Kybartuose. Polink\u012f \u012f men\u0105 tur\u0117jusi nuo vaikyst\u0117s, j\u012f atgaivino netik\u0117tai palau\u017eta sunkios ligos. Tada prad\u0117jusi dirbti su moliu, atrado nor\u0105 ir pa\u0161aukim\u0105 i\u0161bandyti ir kitas meno \u0161akas. Dabar teigia \u012fvald\u017eiusi daugiau nei 15 skirting\u0173 meno \u0161ak\u0173 ir galinti jas pademonstruoti bei mokyti kitus. Ap\u017ei\u016brint k\u016brinius akivaizdi technik\u0173 \u012fvairov\u0117, toki\u0173 kaip: grafika, fotografija, tapyba, keramika, dekupa\u017eas, v\u0117limas bei j\u0173 por\u016b\u0161iai ir kitos \u0161akos. Autor\u0117 teigia, kit\u0173 darb\u0173 jau net nedemonstruojanti, kadangi jie itin seni arba buv\u0119 tik pirmieji bandymai. Paklausta, kur mok\u0117si vis\u0173 amat\u0173, su \u0161ypsena atsako: \u201cJeigu \u017emogus turi \u012fgimt\u0105 polink\u012f tam, jam ir nereikia mokytis\u201d. Tod\u0117l pasakoja, kaip visko i\u0161mokusi pati, pama\u010diusi vien\u0105 ar kit\u0105 nauj\u0105 technik\u0105, dirbin\u012f parodoje ar parduotuv\u0117je.<\/p>\n<p>Ta\u010diau ir netur\u0117dama speciali\u0173 mokytoj\u0173, moteris stebina savo k\u016briniais. Paklausta ar sutikt\u0173 juos parduoti, kategori\u0161kai atsako ne ir priduria, ka\u017ekam jis kainuot\u0173 tik kelis litus, o jai per daug darbo, meil\u0117s ir atsidavimo. Taip pat pripa\u017e\u012fsta, norin\u010di\u0173j\u0173 nusipirkti ne tik jos, bet ir kit\u0173 tautodailinink\u0173. darbus buvo nema\u017eai. Ta\u010diau tikroji meno dirbinio vert\u0117 b\u016bt\u0173 suprantama tik did\u017eiuosiuose miestuose. Moteris su meile kalba apie kiekvien\u0105 k\u016brin\u012f, tod\u0117l i\u0161skirti kuri\u0105 nors vien\u0105 meno \u0161ak\u0105\u00a0negal\u0117t\u0173: visos yra savaip \u012fdomios ir artimos.<\/p>\n<div id='gallery-1' class='gallery galleryid-51 gallery-columns-3 gallery-size-thumbnail'><figure class='gallery-item'>\n\t\t\t<div class='gallery-icon portrait'>\n\t\t\t\t<a href='https:\/\/kybartai.lt\/wp-content\/uploads\/2017\/06\/DSC_0144-682x1024.jpg'><img loading=\"lazy\" decoding=\"async\" width=\"150\" height=\"150\" src=\"https:\/\/kybartai.lt\/wp-content\/uploads\/2017\/06\/DSC_0144-682x1024-150x150.jpg\" class=\"attachment-thumbnail size-thumbnail\" alt=\"\" aria-describedby=\"gallery-1-50\" \/><\/a>\n\t\t\t<\/div>\n\t\t\t\t<figcaption class='wp-caption-text gallery-caption' id='gallery-1-50'>\n\t\t\t\tPer du de\u0161imtme\u010dius men\u0173 centras patyr\u0117 ir \u0161ilto, ir \u0161alto\n\t\t\t\t<\/figcaption><\/figure><figure class='gallery-item'>\n\t\t\t<div class='gallery-icon landscape'>\n\t\t\t\t<a href='https:\/\/kybartai.lt\/wp-content\/uploads\/2017\/06\/DSC_0143-1024x682.jpg'><img loading=\"lazy\" decoding=\"async\" width=\"150\" height=\"150\" src=\"https:\/\/kybartai.lt\/wp-content\/uploads\/2017\/06\/DSC_0143-1024x682-150x150.jpg\" class=\"attachment-thumbnail size-thumbnail\" alt=\"\" aria-describedby=\"gallery-1-49\" \/><\/a>\n\t\t\t<\/div>\n\t\t\t\t<figcaption class='wp-caption-text gallery-caption' id='gallery-1-49'>\n\t\t\t\tPer du de\u0161imtme\u010dius men\u0173 centras patyr\u0117 ir \u0161ilto, ir \u0161alto\n\t\t\t\t<\/figcaption><\/figure><figure class='gallery-item'>\n\t\t\t<div class='gallery-icon landscape'>\n\t\t\t\t<a href='https:\/\/kybartai.lt\/wp-content\/uploads\/2017\/06\/DSC_0138-1024x682.jpg'><img loading=\"lazy\" decoding=\"async\" width=\"150\" height=\"150\" src=\"https:\/\/kybartai.lt\/wp-content\/uploads\/2017\/06\/DSC_0138-1024x682-150x150.jpg\" class=\"attachment-thumbnail size-thumbnail\" alt=\"\" aria-describedby=\"gallery-1-48\" \/><\/a>\n\t\t\t<\/div>\n\t\t\t\t<figcaption class='wp-caption-text gallery-caption' id='gallery-1-48'>\n\t\t\t\tPer du de\u0161imtme\u010dius men\u0173 centras patyr\u0117 ir \u0161ilto, ir \u0161alto\n\t\t\t\t<\/figcaption><\/figure><figure class='gallery-item'>\n\t\t\t<div class='gallery-icon portrait'>\n\t\t\t\t<a href='https:\/\/kybartai.lt\/wp-content\/uploads\/2017\/06\/DSC_0132-682x1024.jpg'><img loading=\"lazy\" decoding=\"async\" width=\"150\" height=\"150\" src=\"https:\/\/kybartai.lt\/wp-content\/uploads\/2017\/06\/DSC_0132-682x1024-150x150.jpg\" class=\"attachment-thumbnail size-thumbnail\" alt=\"\" aria-describedby=\"gallery-1-47\" \/><\/a>\n\t\t\t<\/div>\n\t\t\t\t<figcaption class='wp-caption-text gallery-caption' id='gallery-1-47'>\n\t\t\t\tPer du de\u0161imtme\u010dius men\u0173 centras patyr\u0117 ir \u0161ilto, ir \u0161alto\n\t\t\t\t<\/figcaption><\/figure><figure class='gallery-item'>\n\t\t\t<div class='gallery-icon landscape'>\n\t\t\t\t<a href='https:\/\/kybartai.lt\/wp-content\/uploads\/2017\/06\/DSC_0090-1024x682.jpg'><img loading=\"lazy\" decoding=\"async\" width=\"150\" height=\"150\" src=\"https:\/\/kybartai.lt\/wp-content\/uploads\/2017\/06\/DSC_0090-1024x682-150x150.jpg\" class=\"attachment-thumbnail size-thumbnail\" alt=\"\" aria-describedby=\"gallery-1-46\" \/><\/a>\n\t\t\t<\/div>\n\t\t\t\t<figcaption class='wp-caption-text gallery-caption' id='gallery-1-46'>\n\t\t\t\tBron\u0117 Vy\u0161niauskien\u0117. Per du de\u0161imtme\u010dius men\u0173 centras patyr\u0117 ir \u0161ilto, ir \u0161alto\n\t\t\t\t<\/figcaption><\/figure>\n\t\t<\/div>\n\n<p><strong>Lietuvoje pirmieji<\/strong><\/p>\n<p>B. Vy\u0161niauskien\u0117 dar puikiai prisimena centro steigimo id\u0117j\u0105, kuri kilo prie\u0161 du de\u0161imtme\u010dius dalyvaujant tarptautiniame meninink\u0173 plenere Lenkijoje. Tuomet gr\u012f\u017e\u0119 rajono tautodailininkai, kaip tik m\u0105st\u0117, kad reik\u0117t\u0173 vietos susib\u016brimams, pabendravimui. Siekis pad\u0117ti ne\u012fgaliesiems integruotis \u012f visuomen\u0119, pakeisti \u017emoni\u0173 po\u017ei\u016br\u012f, priartinti juos prie \u0161i\u0173 \u017emoni\u0173 ir suvienijo tautodailinkus. Taip buvo \u012fsteigtas pirmasis tokio tipo klubas Lietuvoje, v\u0117liau Lenkijoje, dar v\u0117liau ir Vilniuje. Ta\u010diau b\u0117gant laikui, kolektyvas suprato, kad j\u0173 veikla peraugo klubo sienas, tod\u0117l tapo centru. \u012e j\u012f prad\u0117jo vykti \u017emon\u0117s ne tik i\u0161 rajono, apskrities, bet ir visos Lietuvos. Centre \u012fvairiais amatais u\u017esi\u0117m\u0117 ne tik vietiniai tautodailinkai, bet ir atvyk\u0119 i\u0161 u\u017esienio. Mokytis ateidavo tiek ne\u012fgalieji, tiek ir sveiki \u017emon\u0117s bei vaikai.<\/p>\n<p>Centras d\u016bzg\u0117 nuo gausyb\u0117s lankytoj\u0173, meno kolektyv\u0173. Vadov\u0117 d\u017eiaugiasi ne vienu i\u0161kiliu centro asmeniu, tokiu kaip: K. Eismontas, R. Dabrila, A. Martinkien\u0117, P. Jucius, R. ir V. Koju\u010diais bei daugybe kit\u0173, visus min\u0117dama kaip nuostabius \u017emones ir menininkus. Per metus buvo surengiama 11 \u012fvairaus tipo parod\u0173, gausyb\u0117 \u0161ven\u010di\u0173 ir mugi\u0173, tod\u0117l net sunkoka suskai\u010diuoti, kiek i\u0161 viso j\u0173 buv\u0119 surengta per du de\u0161imtme\u010dius. Ta\u010diau dabar vaizdas kiek kitoks, sulaukiama vis ma\u017eiau lankytoj\u0173 ir bendramin\u010di\u0173.<\/p>\n<p><strong>\u012ekvepiantys pavyzd\u017eiai<\/strong><\/p>\n<p>Paklausta apie \u0161io men\u0173 centro naud\u0105 lankytojams, Bron\u0117 Vy\u0161niauskien\u0117 pasakoja ne vien\u0105 stulbinan\u010di\u0105 istorij\u0105, apie \u017emoni\u0173 gyvenimus pakeitus\u012f meno ind\u0117l\u012f, pridurdama ir apie save. \u201c\u017dmon\u0117s atva\u017eiuoja \u010dia pab\u016bti, pakalb\u0117ti, kartais tik pas\u0117d\u0117ti ir teigia, kad jiems to reikia, jie lyg i\u0161 naujo pasikrauna energijos, ger\u0173 emocij\u0173 ar id\u0117j\u0173, kurios jiems u\u017etenka kelioms savait\u0117ms. Tada v\u0117l atva\u017eiuoja, sako jiems tai lyg sveikatos eleksyras\u201d,- dalinosi mintimis centro vadov\u0117. Moteris prisimena vienos merginos istorij\u0105, kai mama j\u0105 atsived\u0117 po didel\u0117s traumos ir pra\u0161\u0117 pagalbos. Moteris i\u0161 karto pasak\u0117 neesanti gydytoja ar stebukladar\u0117, gali pad\u0117ti tik tada, jai mergina turi meni\u0161k\u0173 pom\u0117gi\u0173. Su\u017einojusi, kad mergina m\u0117gsta pie\u0161im\u0105, moteris pasi\u016bl\u0117 jai kelis m\u0117nesius pie\u0161ti ir tada atsine\u0161ti darbus parodai. Jos nuostabai, mergina pasirod\u0117 pra\u0117jus vos m\u0117nesiui su \u0161\u016bsniu pie\u0161ini\u0173, centro vadov\u0117 pad\u0117jo parengti parod\u0105, kurioje dalyvavo ir merginos gydytoja i\u0161 Kauno, negal\u0117jusi atsisteb\u0117ti pager\u0117jusi b\u016bkle: ji ne tik buvo guvi, bet ir \u0161oko, dainavo, v\u0117liau \u012fstojo \u012f meno mokykl\u0105. Pa\u0161nekov\u0117 pati pripa\u017eino nustebinusi savo gydytoj\u0105, kuri prana\u0161avo jai am\u017ein\u0105 gyvenim\u0105 ve\u017eim\u0117lyje.<\/p>\n<p>Gul\u0117dama lovoje, ji prad\u0117jo dirbti su moliu, v\u0117liau ir kitomis meno \u0161akomis, o dabar niekas net nepasakyt\u0173 pa\u017ei\u016br\u0117j\u0119s \u012f moter\u012f, kad anuomet ji gal\u0117jo b\u016bti sunki ligon\u0117. Vadovaudama centrui, ji nestokoja energijos darbas, k\u016brybai ir pagalbai kitiems. \u012ekvepiantis ir \u0161viesus \u017emogus B. Vy\u0161niauskien\u0117s atmintyje i\u0161liko ir buv\u0119s centro narys Vitas Jurevi\u010dius. Dauguma centro nari\u0173 ir tautodailinink\u0173 turi vienoki\u0173 ar kitoki\u0173 sveikatos sutrikim\u0173, ta\u010diau tai nesutrukd\u0117 jiems iki \u0161iol kurti ir d\u017eiuginti kitus. Kiekvien\u0105 k\u016brin\u012f pristatanti B. Vy\u0161niauskien\u0117 pasakoja apie jo autori\u0173 ir kai kuri\u0173 darb\u0173 atsiradimo istorijas centre. Kadangi darbai atkeliav\u0119 yra ne tik i\u0161 \u012fvairi\u0173 Lietuvos miest\u0173, bet ir i\u0161 u\u017esienio.<\/p>\n<p><strong>Poky\u010diai ne \u012f ger\u0105<\/strong><\/p>\n<p>Centro vadov\u0117 pasakoja, pastarieji metai ir vykstantys poky\u010diai, pakeit\u0117 ir visuomen\u0117s po\u017ei\u016br\u012f \u012f men\u0105 ir ne\u012fgaliuosius. Dabar centre lankosi vienas kitas \u017emogus. Tautodailinink\u0173 gretos taip pat ma\u017e\u0117ja, vyresn\u0117s kartos atstovai i\u0161keliauja am\u017einyb\u0117n, jaunesnieji i\u0161vyksta \u012f u\u017esien\u012f ar did\u017eiuosius miestus. Dar daugiau problem\u0173 i\u0161kyla d\u0117l vald\u017eios atstov\u0173 po\u017ei\u016brio. Kasmet ma\u017einimos ir taip menkos l\u0117\u0161os, u\u017edaro kelius papildomiems darbuotojams, tod\u0117l praktik\u0161ai viskuo tenka r\u016bpintis centro vadovei, o b\u016btino remonto reikalaujan\u010dios patalpos, atrodo ne\u012fkandama u\u017eduotis. Tod\u0117l apie papildomas i\u0161laidas priemon\u0117ms, tenka negalvoti. Dar vienas valdinink\u0173 parengtas u\u017emojis, kad centras atlikt\u0173 tik darbo su ne\u012fgaliaisias funkcijas &#8211; B. Vy\u0161niauskienei pasirod\u0117 absurdi\u0161kas.<\/p>\n<p>\u201cApie koki\u0105 tada integracij\u0105 galima kalb\u0117ti, jei si\u016bloma dirbti tik su ne\u012fgaliaisiais, u\u017esidaryti tarpusavyje ir nel\u012fsti \u012f dienos \u0161vies\u0105. Apie galimyb\u0119 atsive\u017eti ir parve\u017eti ne\u012fgaliuosius i\u0161 \u012fvairi\u0173 rajono viet\u0173, esan\u010diomis s\u0105lygomis net galvoti negalime\u201d,- kalba viena i\u0161 pirmojo Lietuvoje tokio centro steig\u0117j\u0173. I\u0161tis\u0105 gausyb\u0119 dirbini\u0173 jau sunku sutalpinti patalpose, tod\u0117l nema\u017eai j\u0173 sud\u0117ti vieni ant kit\u0173, ar t\u016bno d\u0117\u017eese. O pasigro\u017e\u0117ti ir pa\u010diam pasimokyti tikrai yra i\u0161 ko, juolab, kad tautodailininkai pasireng\u0119 mokyti. Savanoryt\u0117s ir pagalbos kitiems susib\u016brusi\u0173 \u017emoni\u0173 su metais ir kartomis vis ma\u017e\u0117ja. Ta\u010diau centro vadov\u0117 sk\u0173stis ir dejuoti nelinkusi, optimistikai \u017ei\u016bri tolyn, dirba ir kuria bei kvie\u010dia tai daryti ir kitus.<\/p>\n<p>Norintieji tiesiog ap\u017ei\u016br\u0117ti ar pasimokyti vienos arba kitos tautodail\u0117s meno r\u016b\u0161ies, yra visuomet laukiami men\u0173 centre \u201cGyvyb\u0117s j\u0117ga\u201d , kuris \u0161\u012f gruod\u012f min\u0117s 20-\u0105sias gyvavimo metines. Ten galima ne tik i\u0161mokti ka\u017eko naujo, bet ir atrasti save ar susigr\u0105\u017einti vidin\u0119 pusiausvyr\u0105. Nors centro vadovei dar sunku kalb\u0117ti apie centro jubiliejaus pamin\u0117jim\u0105, d\u0117l esam\u0173 sunkum\u0173, bet pa\u017eada, kad tai tikrai neliks nepasteb\u0117ta, o nuveikti darbai ir j\u0173 gausa kalba patys u\u017e save.<\/p>\n<p style=\"text-align: left;\" align=\"right\"><em>Greta ALI\u0160AUSKAIT\u0116<\/em><\/p>\n","protected":false},"excerpt":{"rendered":"<p>Ilgamet\u0117 Vilkavi\u0161kio rajono \u017emoni\u0173 su negalia reabilitacinis speciali\u0173 men\u0173 centro &#8222;Gyvyb\u0117s j\u0117ga&#8221; vadov\u0117 ir viena i\u0161 \u012fk\u016br\u0117j\u0173 Bron\u0117 Vy\u0161niauskien\u0117 prisimena\u00a0 centro steigimo ir gyvavimo akimirkas, ry\u0161k\u0173 p\u0117dsak\u0105 palikusius tautodailininkus bei<\/p>\n","protected":false},"author":2,"featured_media":46,"comment_status":"open","ping_status":"open","sticky":false,"template":"","format":"standard","meta":{"om_disable_all_campaigns":false,"_monsterinsights_skip_tracking":false,"_monsterinsights_sitenote_active":false,"_monsterinsights_sitenote_note":"","_monsterinsights_sitenote_category":0,"_uf_show_specific_survey":0,"_uf_disable_surveys":false,"footnotes":""},"categories":[3,5],"tags":[],"class_list":["post-51","post","type-post","status-publish","format-standard","has-post-thumbnail","hentry","category-kybartai-spaudoje","category-menu-centras-gyvybes-jega"],"aioseo_notices":[],"_links":{"self":[{"href":"https:\/\/kybartai.lt\/lt_lt\/wp-json\/wp\/v2\/posts\/51","targetHints":{"allow":["GET"]}}],"collection":[{"href":"https:\/\/kybartai.lt\/lt_lt\/wp-json\/wp\/v2\/posts"}],"about":[{"href":"https:\/\/kybartai.lt\/lt_lt\/wp-json\/wp\/v2\/types\/post"}],"author":[{"embeddable":true,"href":"https:\/\/kybartai.lt\/lt_lt\/wp-json\/wp\/v2\/users\/2"}],"replies":[{"embeddable":true,"href":"https:\/\/kybartai.lt\/lt_lt\/wp-json\/wp\/v2\/comments?post=51"}],"version-history":[{"count":0,"href":"https:\/\/kybartai.lt\/lt_lt\/wp-json\/wp\/v2\/posts\/51\/revisions"}],"wp:featuredmedia":[{"embeddable":true,"href":"https:\/\/kybartai.lt\/lt_lt\/wp-json\/wp\/v2\/media\/46"}],"wp:attachment":[{"href":"https:\/\/kybartai.lt\/lt_lt\/wp-json\/wp\/v2\/media?parent=51"}],"wp:term":[{"taxonomy":"category","embeddable":true,"href":"https:\/\/kybartai.lt\/lt_lt\/wp-json\/wp\/v2\/categories?post=51"},{"taxonomy":"post_tag","embeddable":true,"href":"https:\/\/kybartai.lt\/lt_lt\/wp-json\/wp\/v2\/tags?post=51"}],"curies":[{"name":"wp","href":"https:\/\/api.w.org\/{rel}","templated":true}]}}