{"id":879,"date":"2014-03-01T09:38:38","date_gmt":"2014-03-01T06:38:38","guid":{"rendered":"http:\/\/godaddy.kybartai.lt\/lab\/?p=879"},"modified":"2014-03-01T09:38:38","modified_gmt":"2014-03-01T06:38:38","slug":"poetui-vis-dar-sapnuojasi-kaimas","status":"publish","type":"post","link":"https:\/\/kybartai.lt\/lt_lt\/poetui-vis-dar-sapnuojasi-kaimas\/","title":{"rendered":"Poetui vis dar sapnuojasi kaimas"},"content":{"rendered":"<p><strong>Kybartuose, Pasaulio kybartie\u010di\u0173 draugijos patalpose, gra\u017eiai buvo pristatyta devynioliktoji poeto, ra\u0161ytojo, eseisto, dain\u0173 tekst\u0173 autoriaus Albino Slavicko knyga \u201eKad a\u0161ara neverkt\u0173&#8230;\u201c<\/strong><\/p>\n<p>Kybartie\u010di\u0173 sve\u010dias A. Slavickas gim\u0117 1927 metais netoli Kalvarijos, Kauni\u0161ki\u0173 kaime. Kaip pats ra\u0161ytojas ra\u0161o savo knygoje \u201eViltim kylan\u010dios \u017eol\u0117s\u201c, \u201eKalvarijos ba\u017eny\u010dia \u2013 pirmoji pa\u017eintis ir kelias \u012f meno pasaul\u012f. Motinos daina \u2013 minties takas \u012f eil\u0117ra\u0161\u010dio skryni\u0105\u201c. Literato keli\u0105 prad\u0117j\u0119s 1962 m., pirm\u0105j\u012f eil\u0117ra\u0161\u010di\u0173 rinkin\u012f \u201eEinu per \u017eem\u0119&#8230;\u201c jis i\u0161leido 1990-aisiais. Po to beveik kiekvienais metais Lietuvos \u017emon\u0117ms autorius dovanoja vis po nauj\u0105 knyg\u0105. I\u0161eina ne vien eil\u0117ra\u0161\u010di\u0173, bet ir apsakym\u0173, miniati\u016br\u0173, publicistikos knygos. Jose \u2013 tautos istorija: knygne\u0161i\u0173, tremtini\u0173, partizan\u0173 gyvenimai ir skaud\u016bs likimai. Dabar Kaune gyvenantis ra\u0161ytojas sako labai da\u017enai sapnuojantis gimt\u0105j\u012f kaim\u0105.<\/p>\n<p>Susitikime A. Slavickas papasakojo, kaip buvo renkama med\u017eiaga knygai \u201eKad a\u0161ara neverkt\u0173&#8230;\u201c \u201eA\u0161 m\u0117gstu va\u017ein\u0117ti po Lietuv\u0105 ir ie\u0161koti \u017emoni\u0173 \u2013 legend\u0173\u201c, \u2013 kalb\u0117jo autorius. Tad \u012f publicistikos knyg\u0105 pateko naujais faktais papildytas pasakojimas apie Budavon\u0117s mi\u0161ke nu\u017eudytus kunigus J. Petrik\u0105, J. Dabril\u0105, V. Bals\u012f, partizano Jono Asta\u0161ausko prisiminimai apie Antan\u0105 Ambrulevi\u010di\u0173, s\u0105moningai \u012fstojus\u012f \u012f strib\u0173 b\u016br\u012f ir pad\u0117jus\u012f partizanams. Tie, kurie domisi m\u016bs\u0173 kra\u0161te veikusiais Tauro apygardos kovotojais, ras \u012fdomi\u0173 fakt\u0173 apie partizano Kabelio i\u0161davyst\u0119, kaip \u017euvo paskutiniai Vytauto Did\u017eiosios kuopos kovotojai. \u012edomus tremtinio Vitalio Staugai\u010dio pasakojimas apie tremt\u012f tolimojoje Trofimovkoje. Nema\u017e\u0105 dal\u012f knygos sudaro eil\u0117ra\u0161\u010diai.<\/p>\n<p>Popiet\u0117je eil\u0117s pyn\u0117si su dainomis bei ved\u0117j\u0173 pasakojimais. Dainas pagal A. Slavicko \u017eod\u017eius dainavo LPKT s\u0105jungos Vilkavi\u0161kio skyriaus ansamblis \u201eAtmintis\u201c (vadov\u0117 Birut\u0117 Stonien\u0117), Pasaulio kybartie\u010di\u0173 draugijos daininink\u0117s (vadov\u0117 Irma Men\u010dinskien\u0117) bei Luizos ir Algimanto duetas.<\/p>\n<p>Ra\u0161ytojo A. Slavicko i\u0161sakytos mintys apie Lietuv\u0105, kalb\u0105, gyvenimo vertybes, jo paprastumas ir mok\u0117jimas bendrauti ilgam pasiliks susirinkusi\u0173j\u0173 \u0161irdyse.<\/p>\n<p>Gerbiamas sve\u010dias, klausydamasis pad\u0117kos \u017eod\u017ei\u0173 ir priimdamas sveikinimus, paskendo g\u0117l\u0117se. \u012esimin\u0117 Kybart\u0173 seni\u016bno Romo \u0160unoko \u017eod\u017eiai: \u201eMums \u201eneperspjauti\u201c poeto Albino Slavicko&#8230;\u201c<\/p>\n<p><em>Roma BRUZBARTIEN\u0116<\/em><\/p>\n<div>\n<p><em>Romo \u010c\u0116PLOS nuotr.\u00a0Dainas, sukurtas pagal poeto Albino Slavicko (kair\u0117je) \u017eod\u017eius, dainavo kybartie\u010di\u0173 ansambliai.<\/em><\/p>\n<p><em><b>Publikuota: &#8222;Santaka&#8221;,\u00a0<\/b>2014 m. Kovo 1 d. \u0160e\u0161tadienis.<\/em><\/p>\n<\/div>\n","protected":false},"excerpt":{"rendered":"<p>Kybartuose, Pasaulio kybartie\u010di\u0173 draugijos patalpose, gra\u017eiai buvo pristatyta devynioliktoji poeto, ra\u0161ytojo, eseisto, dain\u0173 tekst\u0173 autoriaus Albino Slavicko knyga \u201eKad a\u0161ara neverkt\u0173&#8230;\u201c Kybartie\u010di\u0173 sve\u010dias A. Slavickas gim\u0117 1927 metais netoli Kalvarijos,<\/p>\n","protected":false},"author":2,"featured_media":880,"comment_status":"open","ping_status":"open","sticky":false,"template":"","format":"standard","meta":{"om_disable_all_campaigns":false,"_monsterinsights_skip_tracking":false,"_monsterinsights_sitenote_active":false,"_monsterinsights_sitenote_note":"","_monsterinsights_sitenote_category":0,"_uf_show_specific_survey":0,"_uf_disable_surveys":false,"footnotes":""},"categories":[8,18,19],"tags":[],"class_list":["post-879","post","type-post","status-publish","format-standard","has-post-thumbnail","hentry","category-kultura","category-organizacijos","category-pasaulio-kybartieciu-draugija"],"aioseo_notices":[],"_links":{"self":[{"href":"https:\/\/kybartai.lt\/lt_lt\/wp-json\/wp\/v2\/posts\/879","targetHints":{"allow":["GET"]}}],"collection":[{"href":"https:\/\/kybartai.lt\/lt_lt\/wp-json\/wp\/v2\/posts"}],"about":[{"href":"https:\/\/kybartai.lt\/lt_lt\/wp-json\/wp\/v2\/types\/post"}],"author":[{"embeddable":true,"href":"https:\/\/kybartai.lt\/lt_lt\/wp-json\/wp\/v2\/users\/2"}],"replies":[{"embeddable":true,"href":"https:\/\/kybartai.lt\/lt_lt\/wp-json\/wp\/v2\/comments?post=879"}],"version-history":[{"count":0,"href":"https:\/\/kybartai.lt\/lt_lt\/wp-json\/wp\/v2\/posts\/879\/revisions"}],"wp:featuredmedia":[{"embeddable":true,"href":"https:\/\/kybartai.lt\/lt_lt\/wp-json\/wp\/v2\/media\/880"}],"wp:attachment":[{"href":"https:\/\/kybartai.lt\/lt_lt\/wp-json\/wp\/v2\/media?parent=879"}],"wp:term":[{"taxonomy":"category","embeddable":true,"href":"https:\/\/kybartai.lt\/lt_lt\/wp-json\/wp\/v2\/categories?post=879"},{"taxonomy":"post_tag","embeddable":true,"href":"https:\/\/kybartai.lt\/lt_lt\/wp-json\/wp\/v2\/tags?post=879"}],"curies":[{"name":"wp","href":"https:\/\/api.w.org\/{rel}","templated":true}]}}