{"id":918,"date":"2014-01-18T11:04:07","date_gmt":"2014-01-18T08:04:07","guid":{"rendered":"http:\/\/godaddy.kybartai.lt\/lab\/?p=918"},"modified":"2014-01-18T11:04:07","modified_gmt":"2014-01-18T08:04:07","slug":"lenku-fotografas-prisimine-kybartietiskas-saknis","status":"publish","type":"post","link":"https:\/\/kybartai.lt\/lt_lt\/lenku-fotografas-prisimine-kybartietiskas-saknis\/","title":{"rendered":"Lenk\u0173 fotografas prisimin\u0117 kybartieti\u0161kas \u0161aknis"},"content":{"rendered":"<p><strong>Kybart\u0173 bendruomen\u0117je lank\u0117si lenk\u0173 fotografas Mariu\u0161as Foreckis (Mariusz Forecki). Jis m\u016bs\u0173 \u0161alyje tapo \u017einomas \u0161\u012fmet, kai pristat\u0117 parod\u0105, kurioje u\u017efiksuoti 1991 met\u0173 sausio \u012fvykiai.<\/strong><\/p>\n<p>Kybart\u0173 bendruomen\u0117s pirmininkas Vitas Katkevi\u010dius, su\u017einoj\u0119s, kad fotografo M. Foreckio motina kilusi i\u0161 Kybart\u0173, pasikviet\u0117 \u0161\u012f meninink\u0105 \u012f sve\u010dius. \u0160is irgi labai nor\u0117jo aplankyti savo mamos gimtin\u0119, tad atidarius parod\u0105 jau kit\u0105 dien\u0105 pats atvyko \u012f Kybartus. Pasak M. Foreckio, motina yra pasakojusi, jog 1944 metais, kai \u0161eimai teko traukti \u012f Vakarus, jie sustojo Poznan\u0117je, Lenkijoje. Ten ir liko gyventi, ten gim\u0117 ir pats fotografas.<br \/>\nSavo gimtajame mieste pusam\u017eis menininkas iki \u0161iol gyvena ir dirba. Jis yra baig\u0119s Menin\u0117s fotografijos institut\u0105 Silezijos universitete Opavoje (\u010cekija). Domisi socialine fotografija, savo k\u016bryboje \u012fam\u017eino, kaip keit\u0117si Lenkija nuo 1989 m.<\/p>\n<p>Fotografas yra \u012fgyvendin\u0119s gausyb\u0119 fotografijos projekt\u0173: \u201eKri\u0161naizmas \u2013 naujoji religija Lenkijoje\u201c, \u201eNaujas nuostabus pasaulis\u201c, \u201eGalios spalvos\u201c, \u201eAnapus rojaus\u201c, \u201eDienos nuotrupos\u201c, \u201eM\u0117lyna d\u0117\u017eut\u0117\u201c, \u201ePoznan\u0117 \u2013 kult\u016bra bet kokiu metu\u201c (2010), \u201eRugs\u0117jo kolekcija 2011\u201c, \u201eDarbe\u201c (2012).<\/p>\n<p>Lenk\u0173 menininkas fotografij\u0173 serijas da\u017enai kuria \u012fvairiose buvusios Soviet\u0173 S\u0105jungos vietose: Arm\u0117nijoje, Baltarusijoje, \u010ce\u010d\u0117nijoje, Dagestane, Ukrainoje, taip pat ir Lietuvoje.<\/p>\n<p>M. Foreckis dar \u017einomas kaip leid\u0117jas, besispecializuojantis dokumentin\u0117s fotografijos elektronin\u0117je leidyboje.<\/p>\n<p>\u012e Kybartus atvyk\u0119s ir su vietiniais \u017emon\u0117mis susitik\u0119s fotografas pri\u017ead\u0117jo, kad \u010dia sugr\u012f\u0161 baland\u017eio m\u0117nes\u012f. Tada apsistos ilgiau ir fotografuos Kybartus, vietinius \u017emones. Jis taip pat pri\u0117m\u0117 kvietim\u0105 susitikti su kybartie\u010diais fotografais, pademonstruoti jiems savo fotografavimo \u012fg\u016bd\u017eius, pa\u017ead\u0117jo susitikti ir su bendruomen\u0117s nariais. V\u0117liau M. Foreckio fotografijos apie Kybartus bus demonstruojamos pa\u010diame mieste.<\/p>\n<p>Lietuvi\u0173 kilm\u0117s lenk\u0173 fotomenininko paroda buvo pristatyta Seimo antr\u0173j\u0173 r\u016bm\u0173 parod\u0173 galerijoje. Parod\u0105 pristat\u0117 Seimo nar\u0117 Rasa Juknevi\u010dien\u0117. Darbus galima ap\u017ei\u016br\u0117ti iki sausio 22 dienos.<\/p>\n<p>Fotografijos kritikai teigia, jog M. Foreckis \u2013 vienas i\u0161 ret\u0173 Europos fotograf\u0173, fiksavusi\u0173 gyvenimo pasikeitimus nukritus \u201egele\u017einei u\u017edangai\u201c ne tik savo gimtojoje \u0161alyje. Per Lietuvos Seimo apgult\u012f 1991 metais \u0161is lenk\u0173 menininkas buvo vienas i\u0161 keli\u0173 fotograf\u0173, kurie \u012fvykius fiksavo parlamento viduje.<\/p>\n<p>M. Foreckio k\u016brybinis metodas \u2013 apie aktualijas pasakoti ne i\u0161 \u012fvyki\u0173 epicentro, bet per gretutines temines linijas, tod\u0117l fotografij\u0173 siu\u017eetuose i\u0161 1991 m. sausio \u012fvyki\u0173 u\u017efiksuoti ne tik svarbiausi to meto asmenys, bet ir tie \u017emon\u0117s, kuri\u0173 nuotaikos ir veiksmai gal\u0117jo tapti monumentaliomis akimirkomis fotografijoje.<\/p>\n<p>Parodoje Seime M. Foreckio nuotraukos i\u0161 1991 m. sausio \u012fvyki\u0173 rodomos pirm\u0105kart. Labai gaila, bet eksponuojamos ne visos menininko \u012fam\u017eintos akimirkos. Dalis fotografij\u0173 pra\u017euvo kartu su jau nebeegzistuojan\u010diu laikra\u0161\u010diu, kurio redakcijai buvo perduotos. I\u0161lik\u0119 darbai nuskenuoti i\u0161 sen\u0173 fotografijos juosteli\u0173 ir parodyti ten, kur ir buvo sukurti prie\u0161 23 metus.<\/p>\n<div>\n<p><em>Kristina VAITKEVI\u010cIEN\u0116<\/em><\/p>\n<\/div>\n<div>\n<p><em>Nuotr.\u00a0Lenk\u0173 fotografo Mariu\u0161o Foreckio 1991-\u0173j\u0173 met\u0173 nuotraukoje \u2013 pavarg\u0119 parlamento gyn\u0117jai. De\u0161in\u0117je \u2013 fotomenininko autoportretas.<\/em><\/p>\n<div>\n<p><em><b>Publikuota: &#8222;Santaka&#8221;,\u00a0<\/b>2014 m. Sausio 18 d. \u0160e\u0161tadienis.<\/em><\/p>\n<\/div>\n<\/div>\n","protected":false},"excerpt":{"rendered":"<p>Kybart\u0173 bendruomen\u0117je lank\u0117si lenk\u0173 fotografas Mariu\u0161as Foreckis (Mariusz Forecki). Jis m\u016bs\u0173 \u0161alyje tapo \u017einomas \u0161\u012fmet, kai pristat\u0117 parod\u0105, kurioje u\u017efiksuoti 1991 met\u0173 sausio \u012fvykiai. Kybart\u0173 bendruomen\u0117s pirmininkas Vitas Katkevi\u010dius, su\u017einoj\u0119s,<\/p>\n","protected":false},"author":2,"featured_media":919,"comment_status":"open","ping_status":"open","sticky":false,"template":"","format":"standard","meta":{"om_disable_all_campaigns":false,"_monsterinsights_skip_tracking":false,"_monsterinsights_sitenote_active":false,"_monsterinsights_sitenote_note":"","_monsterinsights_sitenote_category":0,"_uf_show_specific_survey":0,"_uf_disable_surveys":false,"footnotes":""},"categories":[21,18],"tags":[],"class_list":["post-918","post","type-post","status-publish","format-standard","has-post-thumbnail","hentry","category-httpkybartubendruomene-blogspot-lt","category-organizacijos"],"aioseo_notices":[],"_links":{"self":[{"href":"https:\/\/kybartai.lt\/lt_lt\/wp-json\/wp\/v2\/posts\/918","targetHints":{"allow":["GET"]}}],"collection":[{"href":"https:\/\/kybartai.lt\/lt_lt\/wp-json\/wp\/v2\/posts"}],"about":[{"href":"https:\/\/kybartai.lt\/lt_lt\/wp-json\/wp\/v2\/types\/post"}],"author":[{"embeddable":true,"href":"https:\/\/kybartai.lt\/lt_lt\/wp-json\/wp\/v2\/users\/2"}],"replies":[{"embeddable":true,"href":"https:\/\/kybartai.lt\/lt_lt\/wp-json\/wp\/v2\/comments?post=918"}],"version-history":[{"count":0,"href":"https:\/\/kybartai.lt\/lt_lt\/wp-json\/wp\/v2\/posts\/918\/revisions"}],"wp:featuredmedia":[{"embeddable":true,"href":"https:\/\/kybartai.lt\/lt_lt\/wp-json\/wp\/v2\/media\/919"}],"wp:attachment":[{"href":"https:\/\/kybartai.lt\/lt_lt\/wp-json\/wp\/v2\/media?parent=918"}],"wp:term":[{"taxonomy":"category","embeddable":true,"href":"https:\/\/kybartai.lt\/lt_lt\/wp-json\/wp\/v2\/categories?post=918"},{"taxonomy":"post_tag","embeddable":true,"href":"https:\/\/kybartai.lt\/lt_lt\/wp-json\/wp\/v2\/tags?post=918"}],"curies":[{"name":"wp","href":"https:\/\/api.w.org\/{rel}","templated":true}]}}